{"id":15484,"date":"2023-01-02T14:07:24","date_gmt":"2023-01-02T20:07:24","guid":{"rendered":"http:\/\/fge.oaxaca.gob.mx\/?post_type=noticias&amp;p=4810"},"modified":"2023-01-02T14:07:24","modified_gmt":"2023-01-02T20:07:24","slug":"fiscalia-de-oaxaca-aprehende-a-uno-de-los-probables-responsables-del-doble-homicidio-cometido-en-el-centro-historico-de-la-capital","status":"publish","type":"noticias","link":"https:\/\/portal.fgeo.gob.mx\/index.php\/archivos\/noticias\/fiscalia-de-oaxaca-aprehende-a-uno-de-los-probables-responsables-del-doble-homicidio-cometido-en-el-centro-historico-de-la-capital","title":{"rendered":"Fiscal\u00eda de Oaxaca aprehende a uno de los probables responsables del doble homicidio cometido en el Centro Hist\u00f3rico de la capital"},"content":{"rendered":"<p style=\"font-weight: 400; text-align: justify;\">Oaxaca de Ju\u00e1rez, Oax., 2 de enero de 2023.- La Fiscal\u00eda General del Estado de Oaxaca (FGEO) ejecut\u00f3 una orden de aprehensi\u00f3n en contra de la persona del sexo masculino identificada por las iniciales G. J. M. T., probable responsable en la comisi\u00f3n del delito de homicidio calificado en contra de dos personas, ocurrido en el Centro Hist\u00f3rico de la capital del estado.<\/p>\n<p style=\"font-weight: 400; text-align: justify;\">Los hechos ocurrieron durante la noche del 27 de diciembre de 2022, en un puesto de comida ubicado en la esquina de Las Casas y 20 de Noviembre, en el Centro de la ciudad de Oaxaca de Ju\u00e1rez, cuando una discusi\u00f3n deriv\u00f3 en una agresi\u00f3n armada.<\/p>\n<p style=\"font-weight: 400; text-align: justify;\">Derivado de estos hechos, dos personas del sexo masculino fallecieron luego de ser lesionados por disparos de arma de fuego. Las v\u00edctimas fueron identificadas por las iniciales W. E. B. y P. M. C.<\/p>\n<p style=\"font-weight: 400; text-align: justify;\">La FGEO intervino de manera inmediata a trav\u00e9s de la Fiscal\u00eda Especializada para la Atenci\u00f3n de Delitos de Alto Impacto que inici\u00f3 la carpeta de investigaci\u00f3n 44175\/FDAI\/UEIH\/2022 por el delito de homicidio calificado.<\/p>\n<p style=\"font-weight: 400; text-align: justify;\">Luego de desplegar al equipo multidisciplinario, se obtuvieron pruebas y evidencias que ayudaron a establecer s\u00f3lidas l\u00edneas de investigaci\u00f3n que dieron como resultado la ejecuci\u00f3n de una orden de aprehensi\u00f3n contra uno de los probables responsable, identificado como G. J. M. T., quien fue presentado ante el Juez de Control que atiende el caso, ante quien solicit\u00f3 ampliaci\u00f3n del t\u00e9rmino constitucional.<\/p>\n<p style=\"font-weight: 400; text-align: justify;\">El combate y la resoluci\u00f3n de delitos de alto impacto es una de las prioridades de la Fiscal\u00eda de Oaxaca que trabaja con todos los recursos a disposici\u00f3n para esclarecer los casos.<\/p>\n","protected":false},"author":1,"featured_media":3175,"comment_status":"closed","ping_status":"closed","template":"","tags":[],"categoria_noticias":[],"class_list":["post-15484","noticias","type-noticias","status-publish","has-post-thumbnail","hentry"],"acf":[],"mb":[],"mfb_rest_fields":["title","gutenberg_elementor_mode"],"_links":{"self":[{"href":"https:\/\/portal.fgeo.gob.mx\/index.php\/wp-json\/wp\/v2\/noticias\/15484","targetHints":{"allow":["GET"]}}],"collection":[{"href":"https:\/\/portal.fgeo.gob.mx\/index.php\/wp-json\/wp\/v2\/noticias"}],"about":[{"href":"https:\/\/portal.fgeo.gob.mx\/index.php\/wp-json\/wp\/v2\/types\/noticias"}],"author":[{"embeddable":true,"href":"https:\/\/portal.fgeo.gob.mx\/index.php\/wp-json\/wp\/v2\/users\/1"}],"replies":[{"embeddable":true,"href":"https:\/\/portal.fgeo.gob.mx\/index.php\/wp-json\/wp\/v2\/comments?post=15484"}],"wp:featuredmedia":[{"embeddable":true,"href":"https:\/\/portal.fgeo.gob.mx\/index.php\/wp-json\/"}],"wp:attachment":[{"href":"https:\/\/portal.fgeo.gob.mx\/index.php\/wp-json\/wp\/v2\/media?parent=15484"}],"wp:term":[{"taxonomy":"post_tag","embeddable":true,"href":"https:\/\/portal.fgeo.gob.mx\/index.php\/wp-json\/wp\/v2\/tags?post=15484"},{"taxonomy":"categoria_noticias","embeddable":true,"href":"https:\/\/portal.fgeo.gob.mx\/index.php\/wp-json\/wp\/v2\/categoria_noticias?post=15484"}],"curies":[{"name":"wp","href":"https:\/\/api.w.org\/{rel}","templated":true}]}}