{"id":15482,"date":"2022-12-30T12:40:46","date_gmt":"2022-12-30T18:40:46","guid":{"rendered":"http:\/\/fge.oaxaca.gob.mx\/?post_type=noticias&amp;p=4807"},"modified":"2022-12-30T12:40:46","modified_gmt":"2022-12-30T18:40:46","slug":"fiscalia-de-oaxaca-obtiene-fallo-condenatorio-contra-g-d-s-alias-el-gato-responsable-del-delito-de-homicidio-cometido-en-la-cuenca","status":"publish","type":"noticias","link":"https:\/\/portal.fgeo.gob.mx\/index.php\/archivos\/noticias\/fiscalia-de-oaxaca-obtiene-fallo-condenatorio-contra-g-d-s-alias-el-gato-responsable-del-delito-de-homicidio-cometido-en-la-cuenca","title":{"rendered":"Fiscal\u00eda de Oaxaca obtiene fallo condenatorio contra G. D. S., alias \u201cEl Gato\u201d, responsable del delito de homicidio cometido en la Cuenca"},"content":{"rendered":"<p style=\"font-weight: 400; text-align: justify;\">Oaxaca de Ju\u00e1rez, Oax., 30 de diciembre de 2022.- Gracias a la labor de investigaci\u00f3n y seguimiento de casos, la Fiscal\u00eda General del Estado de Oaxaca (FGEO) obtuvo, del Tribunal de Enjuiciamiento, fallo condenatorio contra la persona del sexo masculino identificada como G. D. S., alias \u201cEl Gato\u201d, se\u00f1alado como responsable del delito de homicidio calificado con ventaja y homicidio calificado con premeditaci\u00f3n\u00a0 en contra de quienes en vida respondieron al nombre de J. C. H. M y F. M. V., cometido en julio de 2021, en Jurisdicci\u00f3n de Cosolapa, en la regi\u00f3n de la Cuenca del Papaloapan.<\/p>\n<p style=\"font-weight: 400; text-align: justify;\">De acuerdo con la causa penal 286\/2021, los hechos se suscitaron el 11 de julio de 2021, cuando un grupo de sujetos arrib\u00f3 al domicilio de las v\u00edctimas, ubicado en inmediaciones de la localidad de El Refugio, perteneciente al municipio de Cosolapa, sometiendo y llev\u00e1ndose a la v\u00edctima J. C. H. M.<\/p>\n<p style=\"font-weight: 400; text-align: justify;\">Posteriormente, el 12 de julio de 2021, fue localizado su cuerpo sin vida, en la carretera Acatl\u00e1n \u2013 Cosolapa. Cabe se\u00f1alar que horas despu\u00e9s, la mujer F. M. V. (madre de J. C. H. M.) tambi\u00e9n fue privada de la vida.<\/p>\n<p style=\"font-weight: 400; text-align: justify;\">Por estos hechos, la Instituci\u00f3n de procuraci\u00f3n de justicia inici\u00f3 una exhaustiva y diligente investigaci\u00f3n \u2013a trav\u00e9s de la Vicefiscal\u00eda Regional de la Cuenca-, logrando presentar a G. D. S., alias \u201cEl Gato\u201d, ante el juez de la causa quien posteriormente determin\u00f3 vincularlo a proceso.<\/p>\n<p style=\"font-weight: 400; text-align: justify;\">Cabe mencionar, que G. D. S., alias &#8220;El Gato&#8221;, se encuentra bajo proceso penal por diversos delitos cometidos en el estado de Veracruz.<\/p>\n<p style=\"font-weight: 400; text-align: justify;\">En audiencia, el Tribunal de Enjuiciamiento dict\u00f3 fallo condenatorio en su contra, cuya lectura de sentencia se llevar\u00e1 a cabo en los pr\u00f3ximos d\u00edas.<\/p>\n<p style=\"font-weight: 400; text-align: justify;\">En delitos de alto impacto, la Fiscal\u00eda General compromete investigaciones exhaustivas, a fin de garantizar justicia y aplicar todo el rigor de la Ley a quienes resulten responsables.<\/p>\n","protected":false},"author":1,"featured_media":3175,"comment_status":"closed","ping_status":"closed","template":"","tags":[],"categoria_noticias":[],"class_list":["post-15482","noticias","type-noticias","status-publish","has-post-thumbnail","hentry"],"acf":[],"mb":[],"mfb_rest_fields":["title","gutenberg_elementor_mode"],"_links":{"self":[{"href":"https:\/\/portal.fgeo.gob.mx\/index.php\/wp-json\/wp\/v2\/noticias\/15482","targetHints":{"allow":["GET"]}}],"collection":[{"href":"https:\/\/portal.fgeo.gob.mx\/index.php\/wp-json\/wp\/v2\/noticias"}],"about":[{"href":"https:\/\/portal.fgeo.gob.mx\/index.php\/wp-json\/wp\/v2\/types\/noticias"}],"author":[{"embeddable":true,"href":"https:\/\/portal.fgeo.gob.mx\/index.php\/wp-json\/wp\/v2\/users\/1"}],"replies":[{"embeddable":true,"href":"https:\/\/portal.fgeo.gob.mx\/index.php\/wp-json\/wp\/v2\/comments?post=15482"}],"wp:featuredmedia":[{"embeddable":true,"href":"https:\/\/portal.fgeo.gob.mx\/index.php\/wp-json\/"}],"wp:attachment":[{"href":"https:\/\/portal.fgeo.gob.mx\/index.php\/wp-json\/wp\/v2\/media?parent=15482"}],"wp:term":[{"taxonomy":"post_tag","embeddable":true,"href":"https:\/\/portal.fgeo.gob.mx\/index.php\/wp-json\/wp\/v2\/tags?post=15482"},{"taxonomy":"categoria_noticias","embeddable":true,"href":"https:\/\/portal.fgeo.gob.mx\/index.php\/wp-json\/wp\/v2\/categoria_noticias?post=15482"}],"curies":[{"name":"wp","href":"https:\/\/api.w.org\/{rel}","templated":true}]}}