{"id":15478,"date":"2022-12-27T17:09:44","date_gmt":"2022-12-27T23:09:44","guid":{"rendered":"http:\/\/fge.oaxaca.gob.mx\/?post_type=noticias&amp;p=4803"},"modified":"2022-12-27T17:09:44","modified_gmt":"2022-12-27T23:09:44","slug":"participa-fgeo-en-jornada-de-paz-y-justicia-para-mujeres-adolescentes-y-ninas-en-san-martin-mexicapan","status":"publish","type":"noticias","link":"https:\/\/portal.fgeo.gob.mx\/index.php\/archivos\/noticias\/participa-fgeo-en-jornada-de-paz-y-justicia-para-mujeres-adolescentes-y-ninas-en-san-martin-mexicapan","title":{"rendered":"Participa FGEO en Jornada de Paz y Justicia para mujeres, adolescentes y ni\u00f1as, en San Mart\u00edn Mexicapan"},"content":{"rendered":"<ul>\n<li style=\"font-weight: 400; text-align: justify;\">La organiza Gobierno del Estado de Oaxaca en el marco de la campa\u00f1a internacional de las Naciones Unidas (ONU) \u201c\u00daNETE para poner fin a la violencia contra las mujeres y ni\u00f1as\u201d.<\/li>\n<\/ul>\n<p style=\"font-weight: 400; text-align: justify;\"><strong>\u00a0<\/strong><\/p>\n<ul style=\"text-align: justify;\">\n<li style=\"font-weight: 400;\">FGEO atiende de manera personalizada denuncias, adem\u00e1s de acercar a la sociedad los servicios de justicia que brinda.<\/li>\n<\/ul>\n<p style=\"font-weight: 400; text-align: justify;\"><strong>\u00a0<\/strong><\/p>\n<p style=\"font-weight: 400; text-align: justify;\"><strong>Oaxaca de Ju\u00e1rez, Oax., 27 de diciembre de 2022.-<\/strong>\u00a0La Fiscal\u00eda General del Estado de Oaxaca (FGEO) particip\u00f3 y brind\u00f3 atenci\u00f3n integral a la ciudadan\u00eda durante la primera \u201cJornada de Paz y Justicia para mujeres, adolescentes y ni\u00f1as\u201d, inaugurada por el Gobernador Salom\u00f3n Jara Cruz, en la Agencia municipal de San Mart\u00edn Mexicapan, perteneciente a la capital oaxaque\u00f1a, donde estuvo presente el encargado del despacho de la Instituci\u00f3n de Procuraci\u00f3n de Justicia, Alejandro Ram\u00edrez Hern\u00e1ndez.<\/p>\n<p style=\"font-weight: 400; text-align: justify;\">En la jornada, la FGEO cont\u00f3 con m\u00f3dulos y mesas de atenci\u00f3n por parte del Centro de Justicia Para Mujeres (CEJUM), Fiscal\u00eda Especializada en Atenci\u00f3n a Delitos contra la Mujer por Raz\u00f3n de G\u00e9nero, Vicefiscal\u00eda General de Atenci\u00f3n a V\u00edctimas y a la Sociedad, Vicefiscal\u00eda de Control Regional y la Fiscal\u00eda Especializada en Atenci\u00f3n a Delitos de Alto Impacto.<\/p>\n<p style=\"font-weight: 400; text-align: justify;\">Lo anterior es con la finalidad de atender de manera personalizada denuncias y casos concretos, as\u00ed como acercar a la sociedad los servicios integrales que brinda la Instituci\u00f3n de procuraci\u00f3n de justicia.<\/p>\n<p style=\"font-weight: 400; text-align: justify;\">En su intervenci\u00f3n, el Gobernador Salom\u00f3n Jara Cruz, dijo que \u201cuna de las bases principales en su gobierno es sentar las bases de un nuevo pacto social para la convivencia pac\u00edfica y uno de los principales objetivos es que las ni\u00f1as y mujeres tengan una vida libre de violencia y con igualdad de condiciones y oportunidades de desarrollo en todas las regiones del estado\u201d.<\/p>\n<p style=\"font-weight: 400; text-align: justify;\">Por lo anterior, el Ejecutivo Estatal se\u00f1al\u00f3 que se implementar\u00e1n diversas estrategias, mecanismos y programas de prevenci\u00f3n, atenci\u00f3n, sanci\u00f3n y erradicaci\u00f3n de todas las formas de violencia de g\u00e9nero y entre esas acciones destac\u00f3 las Jornadas de Paz y Justicia para mujeres, adolescentes y ni\u00f1as, mismas que realizar\u00e1n en el marco del D\u00eda Naranja, es decir, los d\u00edas 25 de cada mes, dijo.<\/p>\n<p style=\"font-weight: 400; text-align: justify;\">Asimismo, detall\u00f3 que uno de los objetivos, \u201ces que las mujeres reconozcan todas las formas de violencia y que denuncien para que no haya impunidad, por lo que diversas instancias brindar\u00e1n acompa\u00f1amiento legal y psicol\u00f3gico\u201d, coment\u00f3.<\/p>\n<p style=\"font-weight: 400; text-align: justify;\">En este sentido, el representante de la FGEO, Alejandro Ram\u00edrez Hern\u00e1ndez, precis\u00f3 que la participaci\u00f3n de la instituci\u00f3n de procuraci\u00f3n de justicia es con el objetivo de sumar esfuerzos y redoblar acciones que permitan la atenci\u00f3n oportuna para mujeres, ni\u00f1as y adolescentes.<\/p>\n<p style=\"font-weight: 400; text-align: justify;\">Por su parte, la directora del Centro de Justicia para las Mujeres (CEJUM), Tania Albarr\u00e1n Ocampo, inform\u00f3 que a trav\u00e9s de los m\u00f3dulos de informaci\u00f3n de la instancia a su cargo, se brind\u00f3 atenci\u00f3n psicol\u00f3gica, ludoteca, orientaci\u00f3n jur\u00eddica a mujeres y adolescentes.<\/p>\n<p style=\"font-weight: 400; text-align: justify;\">Finalmente, Albarr\u00e1n Ocampo expres\u00f3 que el CEJUM es un lugar de puertas abiertas y que continuar\u00e1n sumando esfuerzos en las pr\u00f3ximas jornadas para dar una atenci\u00f3n oportuna e integral a las mujeres y ni\u00f1as.<\/p>\n<p style=\"font-weight: 400; text-align: justify;\">La Defensa de mujeres, ni\u00f1as y adolescentes es prioritaria. Por ello, la Fiscal\u00eda de Oaxaca se compromete a garantizar justicia plena a las v\u00edctimas de delitos y aplicar todo el rigor de la Ley a quienes atenten en su contra.<\/p>\n","protected":false},"author":1,"featured_media":3175,"comment_status":"closed","ping_status":"closed","template":"","tags":[],"categoria_noticias":[],"class_list":["post-15478","noticias","type-noticias","status-publish","has-post-thumbnail","hentry"],"acf":[],"mb":[],"mfb_rest_fields":["title","gutenberg_elementor_mode"],"_links":{"self":[{"href":"https:\/\/portal.fgeo.gob.mx\/index.php\/wp-json\/wp\/v2\/noticias\/15478","targetHints":{"allow":["GET"]}}],"collection":[{"href":"https:\/\/portal.fgeo.gob.mx\/index.php\/wp-json\/wp\/v2\/noticias"}],"about":[{"href":"https:\/\/portal.fgeo.gob.mx\/index.php\/wp-json\/wp\/v2\/types\/noticias"}],"author":[{"embeddable":true,"href":"https:\/\/portal.fgeo.gob.mx\/index.php\/wp-json\/wp\/v2\/users\/1"}],"replies":[{"embeddable":true,"href":"https:\/\/portal.fgeo.gob.mx\/index.php\/wp-json\/wp\/v2\/comments?post=15478"}],"wp:featuredmedia":[{"embeddable":true,"href":"https:\/\/portal.fgeo.gob.mx\/index.php\/wp-json\/"}],"wp:attachment":[{"href":"https:\/\/portal.fgeo.gob.mx\/index.php\/wp-json\/wp\/v2\/media?parent=15478"}],"wp:term":[{"taxonomy":"post_tag","embeddable":true,"href":"https:\/\/portal.fgeo.gob.mx\/index.php\/wp-json\/wp\/v2\/tags?post=15478"},{"taxonomy":"categoria_noticias","embeddable":true,"href":"https:\/\/portal.fgeo.gob.mx\/index.php\/wp-json\/wp\/v2\/categoria_noticias?post=15478"}],"curies":[{"name":"wp","href":"https:\/\/api.w.org\/{rel}","templated":true}]}}