{"id":15477,"date":"2022-12-26T16:56:14","date_gmt":"2022-12-26T22:56:14","guid":{"rendered":"http:\/\/fge.oaxaca.gob.mx\/?post_type=noticias&amp;p=4802"},"modified":"2022-12-26T16:56:14","modified_gmt":"2022-12-26T22:56:14","slug":"probables-secuestradores-quedan-en-prision-y-vinculados-a-proceso-delito-cometido-en-la-mixteca","status":"publish","type":"noticias","link":"https:\/\/portal.fgeo.gob.mx\/index.php\/archivos\/noticias\/probables-secuestradores-quedan-en-prision-y-vinculados-a-proceso-delito-cometido-en-la-mixteca","title":{"rendered":"Probables secuestradores quedan en prisi\u00f3n y vinculados a proceso; delito cometido en la Mixteca"},"content":{"rendered":"<ul>\n<li style=\"font-weight: 400; text-align: justify;\">Se trata de los masculinos J. C. C H., C. A. R. S., y de una mujer identificada como L. C. Z. M., quienes son se\u00f1alados como probables responsables de delito de secuestro agravado.<\/li>\n<\/ul>\n<p style=\"font-weight: 400; text-align: justify;\"><strong>\u00a0<\/strong><\/p>\n<p style=\"font-weight: 400; text-align: justify;\"><strong>Oaxaca de Ju\u00e1rez, Oax., 26 de diciembre de 2022.-<\/strong>\u00a0La Fiscal\u00eda General del Estado de Oaxaca (FGEO) obtuvo, del Juzgado de Control, auto de vinculaci\u00f3n a proceso contra tres persona, dos del sexo masculino identificadas como J. C. C H. y C. A. R. S.,\u00a0 as\u00ed como una mujer identificada como L. C. Z. M., quienes son se\u00f1alados como probables responsables del delito de secuestro agravado en contra de una v\u00edctima de identidad reservada, cometido en jurisdicci\u00f3n de la Heroica Ciudad de Huajuapan de Le\u00f3n, en la regi\u00f3n de la Mixteca.<\/p>\n<p style=\"font-weight: 400; text-align: justify;\">De acuerdo con la carpeta de investigaci\u00f3n 43185\/FMIX\/HUAJUAPAN\/2022, en primera instancia el 13 de diciembre una de las v\u00edctimas de identidad reservada fue privada de su libertad. En segunda instancia, el 16 de diciembre de 2022, otras dos v\u00edctimas fueron privados de su libertad por un grupo de sujetos, quienes exigieron dinero a cambio de la liberaci\u00f3n de las v\u00edctimas.<\/p>\n<p style=\"font-weight: 400; text-align: justify;\">El 18 de diciembre polic\u00edas municipales, en coordinaci\u00f3n con Polic\u00eda Estatal y la Secretar\u00eda de la Defensa Nacional (SEDENA) lograron rescatar y resguardar a las v\u00edctimas que se encontraban bajo el resguardo de los imputados C. A. R. S., J. C. C. H. y L. C. Z. M (mujer), quienes fueron detenidos en flagrancia.<\/p>\n<p style=\"font-weight: 400; text-align: justify;\">Por estos hechos, la Instituci\u00f3n de procuraci\u00f3n de justicia inici\u00f3 una exhaustiva y diligente investigaci\u00f3n \u2013a trav\u00e9s de la Fiscal\u00eda Especializada en Atenci\u00f3n a Delitos de Alto Impacto-, gracias a la cual lograron presentar ante el Juez de la causa a los probables responsables.<\/p>\n<p style=\"font-weight: 400; text-align: justify;\">En audiencia y tras validar los datos de prueba proporcionados por la FGEO, el Juez en turno determin\u00f3 vincular a proceso a C. A. R. S., J. C. C. H. y L. C. Z. M (mujer)., imponi\u00e9ndoles la medida cautelar de prisi\u00f3n preventiva y otorg\u00f3 cuatro meses para el cierre de investigaci\u00f3n complementaria.<\/p>\n<p style=\"font-weight: 400; text-align: justify;\">La Fiscal\u00eda General garantiza justicia plena a v\u00edctimas directas e indirectas del delito de secuestro, aplicando todo el rigor de la Ley a quienes resulten responsables.<\/p>\n","protected":false},"author":1,"featured_media":3175,"comment_status":"closed","ping_status":"closed","template":"","tags":[],"categoria_noticias":[],"class_list":["post-15477","noticias","type-noticias","status-publish","has-post-thumbnail","hentry"],"acf":[],"mb":[],"mfb_rest_fields":["title","gutenberg_elementor_mode"],"_links":{"self":[{"href":"https:\/\/portal.fgeo.gob.mx\/index.php\/wp-json\/wp\/v2\/noticias\/15477","targetHints":{"allow":["GET"]}}],"collection":[{"href":"https:\/\/portal.fgeo.gob.mx\/index.php\/wp-json\/wp\/v2\/noticias"}],"about":[{"href":"https:\/\/portal.fgeo.gob.mx\/index.php\/wp-json\/wp\/v2\/types\/noticias"}],"author":[{"embeddable":true,"href":"https:\/\/portal.fgeo.gob.mx\/index.php\/wp-json\/wp\/v2\/users\/1"}],"replies":[{"embeddable":true,"href":"https:\/\/portal.fgeo.gob.mx\/index.php\/wp-json\/wp\/v2\/comments?post=15477"}],"wp:featuredmedia":[{"embeddable":true,"href":"https:\/\/portal.fgeo.gob.mx\/index.php\/wp-json\/"}],"wp:attachment":[{"href":"https:\/\/portal.fgeo.gob.mx\/index.php\/wp-json\/wp\/v2\/media?parent=15477"}],"wp:term":[{"taxonomy":"post_tag","embeddable":true,"href":"https:\/\/portal.fgeo.gob.mx\/index.php\/wp-json\/wp\/v2\/tags?post=15477"},{"taxonomy":"categoria_noticias","embeddable":true,"href":"https:\/\/portal.fgeo.gob.mx\/index.php\/wp-json\/wp\/v2\/categoria_noticias?post=15477"}],"curies":[{"name":"wp","href":"https:\/\/api.w.org\/{rel}","templated":true}]}}