{"id":15476,"date":"2022-12-26T11:59:16","date_gmt":"2022-12-26T17:59:16","guid":{"rendered":"http:\/\/fge.oaxaca.gob.mx\/?post_type=noticias&amp;p=4801"},"modified":"2022-12-26T11:59:16","modified_gmt":"2022-12-26T17:59:16","slug":"fiscalia-de-oaxaca-obtiene-vinculacion-a-proceso-contra-probable-responsable-de-desaparicion-cometida-en-ocotlan-de-morelos","status":"publish","type":"noticias","link":"https:\/\/portal.fgeo.gob.mx\/index.php\/archivos\/noticias\/fiscalia-de-oaxaca-obtiene-vinculacion-a-proceso-contra-probable-responsable-de-desaparicion-cometida-en-ocotlan-de-morelos","title":{"rendered":"Fiscal\u00eda de Oaxaca obtiene vinculaci\u00f3n a proceso contra probable responsable de desaparici\u00f3n cometida en Ocotl\u00e1n de Morelos"},"content":{"rendered":"<p style=\"font-weight: 400; text-align: justify;\"><strong>Oaxaca de Ju\u00e1rez, Oax., 26 de diciembre de 2022.-<\/strong>\u00a0La Fiscal\u00eda General del Estado de Oaxaca (FGEO) obtuvo vinculaci\u00f3n a proceso en contra del imputado de iniciales H. E. C. C., alias \u201cEl Panda\u201d, quien ser\u00eda uno de los probables responsables en la comisi\u00f3n del delito de desaparici\u00f3n cometida por particulares, hechos ocurridos en la poblaci\u00f3n de San Jacinto Chilateca, perteneciente al municipio de Ocotl\u00e1n de Morelos, en la regi\u00f3n de los Valles Centrales.<\/p>\n<p style=\"font-weight: 400; text-align: justify;\">Los hechos, como consta en la causa penal 1288\/2022, ocurrieron el 8 de octubre de 2022, cuando la v\u00edctima, un hombre identificado por las iniciales E. N. P. H., se encontraba limpiando la entrada a su poblaci\u00f3n antes mencionada, donde fue visto por \u00faltima vez y a la fecha se desconoce su paradero.<\/p>\n<p style=\"font-weight: 400; text-align: justify;\">Ante los hechos, la FGEO inici\u00f3 las investigaciones correspondientes a trav\u00e9s de la Unidades Especializada de Desaparici\u00f3n Forzada, perteneciente a la Vicefiscal\u00eda General de Atenci\u00f3n a V\u00edctimas y a la Sociedad, derivado de las cuales se logr\u00f3 la aprehensi\u00f3n del imputado que fue presentado ante el Juez que atiende la causa.<\/p>\n<p style=\"font-weight: 400; text-align: justify;\">Gracias a las pruebas aportadas por la Fiscal\u00eda de Oaxaca, se obtuvo la vinculaci\u00f3n a proceso en contra de H. E. C. C., alias \u201cEl Panda\u201d, por lo que qued\u00f3 en prisi\u00f3n preventiva y el Juez otorg\u00f3 tres meses para el cierre de la investigaci\u00f3n complementaria.<\/p>\n<p style=\"font-weight: 400; text-align: justify;\">La Fiscal\u00eda de Oaxaca realiza trabajos exhaustivos para la resoluci\u00f3n de delitos, especialmente aquellos que lastiman el tejido social de nuestro estado.<\/p>\n","protected":false},"author":1,"featured_media":3175,"comment_status":"closed","ping_status":"closed","template":"","tags":[],"categoria_noticias":[],"class_list":["post-15476","noticias","type-noticias","status-publish","has-post-thumbnail","hentry"],"acf":[],"mb":[],"mfb_rest_fields":["title","gutenberg_elementor_mode"],"_links":{"self":[{"href":"https:\/\/portal.fgeo.gob.mx\/index.php\/wp-json\/wp\/v2\/noticias\/15476","targetHints":{"allow":["GET"]}}],"collection":[{"href":"https:\/\/portal.fgeo.gob.mx\/index.php\/wp-json\/wp\/v2\/noticias"}],"about":[{"href":"https:\/\/portal.fgeo.gob.mx\/index.php\/wp-json\/wp\/v2\/types\/noticias"}],"author":[{"embeddable":true,"href":"https:\/\/portal.fgeo.gob.mx\/index.php\/wp-json\/wp\/v2\/users\/1"}],"replies":[{"embeddable":true,"href":"https:\/\/portal.fgeo.gob.mx\/index.php\/wp-json\/wp\/v2\/comments?post=15476"}],"wp:featuredmedia":[{"embeddable":true,"href":"https:\/\/portal.fgeo.gob.mx\/index.php\/wp-json\/"}],"wp:attachment":[{"href":"https:\/\/portal.fgeo.gob.mx\/index.php\/wp-json\/wp\/v2\/media?parent=15476"}],"wp:term":[{"taxonomy":"post_tag","embeddable":true,"href":"https:\/\/portal.fgeo.gob.mx\/index.php\/wp-json\/wp\/v2\/tags?post=15476"},{"taxonomy":"categoria_noticias","embeddable":true,"href":"https:\/\/portal.fgeo.gob.mx\/index.php\/wp-json\/wp\/v2\/categoria_noticias?post=15476"}],"curies":[{"name":"wp","href":"https:\/\/api.w.org\/{rel}","templated":true}]}}