{"id":15475,"date":"2022-12-23T13:31:45","date_gmt":"2022-12-23T19:31:45","guid":{"rendered":"http:\/\/fge.oaxaca.gob.mx\/?post_type=noticias&amp;p=4800"},"modified":"2022-12-23T13:31:45","modified_gmt":"2022-12-23T19:31:45","slug":"fgeo-logra-vinculacion-a-proceso-contra-sujeto-que-se-nego-a-pagar-pension-alimentaria-para-su-hijo-hecho-cometido-en-la-mixteca","status":"publish","type":"noticias","link":"https:\/\/portal.fgeo.gob.mx\/index.php\/archivos\/noticias\/fgeo-logra-vinculacion-a-proceso-contra-sujeto-que-se-nego-a-pagar-pension-alimentaria-para-su-hijo-hecho-cometido-en-la-mixteca","title":{"rendered":"FGEO logra vinculaci\u00f3n a proceso contra sujeto que se neg\u00f3 a pagar pensi\u00f3n alimentaria para su hijo, hecho cometido en la Mixteca"},"content":{"rendered":"<ul>\n<li style=\"font-weight: 400; text-align: justify;\">Se trata del masculino C. G. M, quien presuntamente desde el 10 abril de 2019 y a la fecha no realiz\u00f3 el pago de la pensi\u00f3n alimenticia a su hijo.<\/li>\n<\/ul>\n<p style=\"font-weight: 400; text-align: justify;\"><strong>\u00a0<\/strong><\/p>\n<p style=\"font-weight: 400; text-align: justify;\"><strong>Oaxaca de Ju\u00e1rez, Oax., 23 de diciembre de 2022.-<\/strong>\u00a0La comprometida labor de brindar certeza jur\u00eddica que realiza la Fiscal\u00eda General del Estado de Oaxaca (FGEO) obtuvo, del Juez de Control, vinculaci\u00f3n a proceso contra la persona del sexo masculino identificada como C. G. M., por su probable responsabilidad en el incumplimiento de las obligaciones alimentarias en agravio de su hijo, cuya identidad es reservada por Ley, cometido en la regi\u00f3n Mixteca.<\/p>\n<p style=\"font-weight: 400; text-align: justify;\">De acuerdo con los hechos asentados en la causa penal 362\/2021, a partir del 10 de abril de 2019 y hasta la fecha actual, el probable responsable presuntamente no ha realizado el pago de la pensi\u00f3n alimenticia que el Juez de la causa decret\u00f3 a favor de su hijo.<\/p>\n<p style=\"font-weight: 400; text-align: justify;\">Ante estos hechos, la Instituci\u00f3n de procuraci\u00f3n de justicia inici\u00f3 las diligencias correspondientes -a trav\u00e9s de la Vicefiscal\u00eda Regional de la Mixteca &#8211; y present\u00f3 al responsable ante el Juez de la causa quien, tras validar los datos probatorios, determin\u00f3 vincularlo a proceso y concedi\u00f3 un mes para el cierre de investigaci\u00f3n complementaria.<\/p>\n<p style=\"font-weight: 400; text-align: justify;\">La Fiscal\u00eda General garantiza justicia plena a ni\u00f1as, ni\u00f1os y adolescentes v\u00edctimas, priorizando el respeto a su integridad y derechos humanos.<\/p>\n","protected":false},"author":1,"featured_media":3175,"comment_status":"closed","ping_status":"closed","template":"","tags":[],"categoria_noticias":[],"class_list":["post-15475","noticias","type-noticias","status-publish","has-post-thumbnail","hentry"],"acf":[],"mb":[],"mfb_rest_fields":["title","gutenberg_elementor_mode"],"_links":{"self":[{"href":"https:\/\/portal.fgeo.gob.mx\/index.php\/wp-json\/wp\/v2\/noticias\/15475","targetHints":{"allow":["GET"]}}],"collection":[{"href":"https:\/\/portal.fgeo.gob.mx\/index.php\/wp-json\/wp\/v2\/noticias"}],"about":[{"href":"https:\/\/portal.fgeo.gob.mx\/index.php\/wp-json\/wp\/v2\/types\/noticias"}],"author":[{"embeddable":true,"href":"https:\/\/portal.fgeo.gob.mx\/index.php\/wp-json\/wp\/v2\/users\/1"}],"replies":[{"embeddable":true,"href":"https:\/\/portal.fgeo.gob.mx\/index.php\/wp-json\/wp\/v2\/comments?post=15475"}],"wp:featuredmedia":[{"embeddable":true,"href":"https:\/\/portal.fgeo.gob.mx\/index.php\/wp-json\/"}],"wp:attachment":[{"href":"https:\/\/portal.fgeo.gob.mx\/index.php\/wp-json\/wp\/v2\/media?parent=15475"}],"wp:term":[{"taxonomy":"post_tag","embeddable":true,"href":"https:\/\/portal.fgeo.gob.mx\/index.php\/wp-json\/wp\/v2\/tags?post=15475"},{"taxonomy":"categoria_noticias","embeddable":true,"href":"https:\/\/portal.fgeo.gob.mx\/index.php\/wp-json\/wp\/v2\/categoria_noticias?post=15475"}],"curies":[{"name":"wp","href":"https:\/\/api.w.org\/{rel}","templated":true}]}}