{"id":15474,"date":"2022-12-22T15:31:35","date_gmt":"2022-12-22T21:31:35","guid":{"rendered":"http:\/\/fge.oaxaca.gob.mx\/?post_type=noticias&amp;p=4798"},"modified":"2022-12-22T15:31:35","modified_gmt":"2022-12-22T21:31:35","slug":"en-prision-y-vinculado-a-proceso-probable-responsable-de-robo-delito-cometido-en-la-cuenca","status":"publish","type":"noticias","link":"https:\/\/portal.fgeo.gob.mx\/index.php\/archivos\/noticias\/en-prision-y-vinculado-a-proceso-probable-responsable-de-robo-delito-cometido-en-la-cuenca","title":{"rendered":"En prisi\u00f3n y vinculado a proceso, probable responsable de robo; delito cometido en la Cuenca"},"content":{"rendered":"<ul>\n<li style=\"font-weight: 400; text-align: justify;\">En otro hecho cometido en la regi\u00f3n de la Cuenca, por el delito de robo espec\u00edfico, logramos la aprehensi\u00f3n de dos masculinos.<\/li>\n<\/ul>\n<p style=\"font-weight: 400; text-align: justify;\"><strong>\u00a0<\/strong><\/p>\n<p style=\"font-weight: 400; text-align: justify;\"><strong>Oaxaca de Ju\u00e1rez, Oax., 22 de diciembre de 2022.-<\/strong>\u00a0La Fiscal\u00eda General del Estado de Oaxaca (FGEO) obtuvo, del Juzgado de Control, auto de vinculaci\u00f3n a proceso contra una persona del sexo masculino identificada como V. C. L., se\u00f1alado como probable responsable del delito de robo calificado con violencia moral a las personas en perjuicio de Farmacon S.A . DE C.V, ubicada en San Juan Bautista Tuxtepec, en la regi\u00f3n de la Cuenca del Papaloapan.<\/p>\n<p style=\"font-weight: 400; text-align: justify;\">De acuerdo con los hechos asentados en la causa penal 213\/2022, el 30 de noviembre de 2022, el imputado ingres\u00f3 con un arma de fuego a la farmacia ubicada en inmediaciones de la calle 5 de Mayo, perteneciente a la demarcaci\u00f3n antes mencionada, donde amenaz\u00f3 y despoj\u00f3 a la trabajadora del dinero en efectivo de la venta del d\u00eda.<\/p>\n<p style=\"font-weight: 400; text-align: justify;\">Ante estos hechos, la Instituci\u00f3n de procuraci\u00f3n de justicia a trav\u00e9s -de la Vicefiscal\u00eda Regional de la Cuenca- inici\u00f3 las diligencias correspondientes y present\u00f3 al imputado ante la autoridad judicial que lo requiri\u00f3.<\/p>\n<p style=\"font-weight: 400; text-align: justify;\">En audiencia y tras validar los datos de prueba proporcionados por la FGEO, el Juez en turno determin\u00f3 vincular a proceso a V. C. L., imponiendo la medida cautelar de prisi\u00f3n preventiva, adem\u00e1s que otorg\u00f3 dos meses para el cierre de investigaci\u00f3n complementaria.<\/p>\n<p style=\"font-weight: 400; text-align: justify;\">En otro hecho diferente, la FGEO a trav\u00e9s de la Agencia Estatal de Investigaciones (AEI), logr\u00f3 aprehender a dos personas del sexo masculino identificados como L. E. B. M y L. K. P. R., se\u00f1alados como probables responsables del delito de robo espec\u00edfico en perjuicio patrimonial de D. M. A. N., cometido el 12 de septiembre de 2022, en la regi\u00f3n de la Cuenca y cuya situaci\u00f3n jur\u00eddica se resolver\u00e1 en las pr\u00f3ximas horas.<\/p>\n<p style=\"font-weight: 400; text-align: justify;\">Cabe mencionar, que los hechos se encuentran asentados en la carpeta de investigaci\u00f3n 31634\/FCUE\/TUXTEPEC\/2022.<\/p>\n<p style=\"font-weight: 400; text-align: justify;\">La Fiscal\u00eda General reitera su compromiso de garantizar la seguridad y patrimonio de las empresas, presentando ante la justicia a quienes cometan estos delitos.<\/p>\n","protected":false},"author":1,"featured_media":3175,"comment_status":"closed","ping_status":"closed","template":"","tags":[],"categoria_noticias":[],"class_list":["post-15474","noticias","type-noticias","status-publish","has-post-thumbnail","hentry"],"acf":[],"mb":[],"mfb_rest_fields":["title","gutenberg_elementor_mode"],"_links":{"self":[{"href":"https:\/\/portal.fgeo.gob.mx\/index.php\/wp-json\/wp\/v2\/noticias\/15474","targetHints":{"allow":["GET"]}}],"collection":[{"href":"https:\/\/portal.fgeo.gob.mx\/index.php\/wp-json\/wp\/v2\/noticias"}],"about":[{"href":"https:\/\/portal.fgeo.gob.mx\/index.php\/wp-json\/wp\/v2\/types\/noticias"}],"author":[{"embeddable":true,"href":"https:\/\/portal.fgeo.gob.mx\/index.php\/wp-json\/wp\/v2\/users\/1"}],"replies":[{"embeddable":true,"href":"https:\/\/portal.fgeo.gob.mx\/index.php\/wp-json\/wp\/v2\/comments?post=15474"}],"wp:featuredmedia":[{"embeddable":true,"href":"https:\/\/portal.fgeo.gob.mx\/index.php\/wp-json\/"}],"wp:attachment":[{"href":"https:\/\/portal.fgeo.gob.mx\/index.php\/wp-json\/wp\/v2\/media?parent=15474"}],"wp:term":[{"taxonomy":"post_tag","embeddable":true,"href":"https:\/\/portal.fgeo.gob.mx\/index.php\/wp-json\/wp\/v2\/tags?post=15474"},{"taxonomy":"categoria_noticias","embeddable":true,"href":"https:\/\/portal.fgeo.gob.mx\/index.php\/wp-json\/wp\/v2\/categoria_noticias?post=15474"}],"curies":[{"name":"wp","href":"https:\/\/api.w.org\/{rel}","templated":true}]}}