{"id":15473,"date":"2022-12-22T14:06:50","date_gmt":"2022-12-22T20:06:50","guid":{"rendered":"http:\/\/fge.oaxaca.gob.mx\/?post_type=noticias&amp;p=4797"},"modified":"2022-12-22T14:06:50","modified_gmt":"2022-12-22T20:06:50","slug":"queda-vinculado-a-proceso-probable-responsable-de-desaparicion-cometida-en-valles-centrales-fiscalia-de-oaxaca","status":"publish","type":"noticias","link":"https:\/\/portal.fgeo.gob.mx\/index.php\/archivos\/noticias\/queda-vinculado-a-proceso-probable-responsable-de-desaparicion-cometida-en-valles-centrales-fiscalia-de-oaxaca","title":{"rendered":"Queda vinculado a proceso probable responsable de desaparici\u00f3n cometida en Valles Centrales: Fiscal\u00eda de Oaxaca"},"content":{"rendered":"<p style=\"font-weight: 400; text-align: justify;\"><strong>Oaxaca de Ju\u00e1rez, Oax., 22 de diciembre de 2022.-<\/strong>\u00a0La Fiscal\u00eda General del Estado de Oaxaca (FGEO) obtuvo auto de vinculaci\u00f3n a proceso contra la persona del sexo masculino identificada como A. M. H. L., se\u00f1alado como probable implicado en el delito de desaparici\u00f3n cometida por particulares en agravio de P. F. C. S., cometido en enero de 2021, en San Pablo Etla, en la regi\u00f3n de Valles Centrales.<\/p>\n<p style=\"font-weight: 400; text-align: justify;\">De acuerdo con la carpeta de investigaci\u00f3n 1537\/FEDH\/FDPE\/2021, los hechos se suscitaron el 14 de enero de 2021, cuando sujetos desconocidos -entre los que se encontraba el imputado- privaron de la libertad a la v\u00edctima en inmediaciones de la calle Leona Vicario, ubicada en la colonia Barrio Morelos, perteneciente a San Pablo Etla, llev\u00e1ndoselo con rumbo desconocido sin que hasta la fecha se conozca su paradero.<\/p>\n<p style=\"font-weight: 400; text-align: justify;\">Ante estos hechos y tras la denuncia presentada, la Instituci\u00f3n de procuraci\u00f3n de justicia inici\u00f3 una exhaustiva y diligente investigaci\u00f3n -a trav\u00e9s de la Unidades Especializada de Desaparici\u00f3n Forzada, perteneciente a la Vicefiscal\u00eda General de Atenci\u00f3n a V\u00edctimas y a la Sociedad-, logrando presentar al probable responsable ante el Juez de la causa.<\/p>\n<p style=\"font-weight: 400; text-align: justify;\">En audiencia y tras validar los datos proporcionados por la FGEO, el Juez en determin\u00f3 vincular a proceso al imputado A. M. H. L. y otorg\u00f3 seis meses para el cierre de investigaci\u00f3n complementaria.<\/p>\n<p style=\"text-align: justify;\"><span style=\"font-weight: 400;\">La resoluci\u00f3n de delitos de desaparici\u00f3n es prioritaria para la Fiscal\u00eda General, garantizando justicia plena a v\u00edctimas directas e indirectas y aplicando todo el rigor de la Ley a quienes resulten responsables.<\/span><\/p>\n","protected":false},"author":1,"featured_media":3175,"comment_status":"closed","ping_status":"closed","template":"","tags":[],"categoria_noticias":[],"class_list":["post-15473","noticias","type-noticias","status-publish","has-post-thumbnail","hentry"],"acf":[],"mb":[],"mfb_rest_fields":["title","gutenberg_elementor_mode"],"_links":{"self":[{"href":"https:\/\/portal.fgeo.gob.mx\/index.php\/wp-json\/wp\/v2\/noticias\/15473","targetHints":{"allow":["GET"]}}],"collection":[{"href":"https:\/\/portal.fgeo.gob.mx\/index.php\/wp-json\/wp\/v2\/noticias"}],"about":[{"href":"https:\/\/portal.fgeo.gob.mx\/index.php\/wp-json\/wp\/v2\/types\/noticias"}],"author":[{"embeddable":true,"href":"https:\/\/portal.fgeo.gob.mx\/index.php\/wp-json\/wp\/v2\/users\/1"}],"replies":[{"embeddable":true,"href":"https:\/\/portal.fgeo.gob.mx\/index.php\/wp-json\/wp\/v2\/comments?post=15473"}],"wp:featuredmedia":[{"embeddable":true,"href":"https:\/\/portal.fgeo.gob.mx\/index.php\/wp-json\/"}],"wp:attachment":[{"href":"https:\/\/portal.fgeo.gob.mx\/index.php\/wp-json\/wp\/v2\/media?parent=15473"}],"wp:term":[{"taxonomy":"post_tag","embeddable":true,"href":"https:\/\/portal.fgeo.gob.mx\/index.php\/wp-json\/wp\/v2\/tags?post=15473"},{"taxonomy":"categoria_noticias","embeddable":true,"href":"https:\/\/portal.fgeo.gob.mx\/index.php\/wp-json\/wp\/v2\/categoria_noticias?post=15473"}],"curies":[{"name":"wp","href":"https:\/\/api.w.org\/{rel}","templated":true}]}}