{"id":15472,"date":"2022-12-22T13:49:20","date_gmt":"2022-12-22T19:49:20","guid":{"rendered":"http:\/\/fge.oaxaca.gob.mx\/?post_type=noticias&amp;p=4796"},"modified":"2022-12-22T13:49:20","modified_gmt":"2022-12-22T19:49:20","slug":"fgeo-en-coordinacion-con-la-fiscalia-general-de-veracruz-detiene-a-probable-secuestrador-que-se-encontraba-en-la-region-del-istmo","status":"publish","type":"noticias","link":"https:\/\/portal.fgeo.gob.mx\/index.php\/archivos\/noticias\/fgeo-en-coordinacion-con-la-fiscalia-general-de-veracruz-detiene-a-probable-secuestrador-que-se-encontraba-en-la-region-del-istmo","title":{"rendered":"FGEO en coordinaci\u00f3n con la Fiscal\u00eda General de Veracruz detiene a probable secuestrador que se encontraba en la regi\u00f3n del Istmo"},"content":{"rendered":"<p style=\"font-weight: 400; text-align: justify;\"><strong>Oaxaca de Ju\u00e1rez, Oax., 22 de diciembre de 2022.-<\/strong>\u00a0La Fiscal\u00eda General del Estado de Oaxaca (FGEO), en estrecha coordinaci\u00f3n con la Unidad Especializada en Combate al Secuestro del Estado de Veracruz, aprehendi\u00f3 y entreg\u00f3 a la Fiscal\u00eda General del Estado de Veracruz a una persona del sexo masculino, se\u00f1alada como probable responsable del delito de secuestro agravado perpetrado en la entidad veracruzana.<\/p>\n<p style=\"font-weight: 400; text-align: justify;\">De acuerdo con la Unidad Especializada en el Combate al Secuestro de la FGEO, la detenci\u00f3n del imputado -que responde al nombre de J. N. G. P. o O. R. L.-, se cumpliment\u00f3 el pasado 17 de diciembre del presente a\u00f1o, en jurisdicci\u00f3n de Juchit\u00e1n de Zaragoza, en la regi\u00f3n del Istmo de Tehuantepec, como probable responsable del delito de secuestro agravado en perjuicio de una v\u00edctima de identidad reservada.<\/p>\n<p style=\"font-weight: 400; text-align: justify;\">Dicha orden de aprehensi\u00f3n se realiz\u00f3 con base a la causa penal 1343\/17 IR\/UECS\/COAT\/013\/2015, y fue puesto a disposici\u00f3n de la autoridad judicial que lo requiri\u00f3.<\/p>\n<p style=\"font-weight: 400; text-align: justify;\">Con estas acciones, la Instituci\u00f3n estatal de procuraci\u00f3n de justicia reafirma su compromiso de sumar esfuerzos con las fiscal\u00edas de la Federaci\u00f3n, y con ello fortalecer el sistema de justicia en el pa\u00eds.<\/p>\n","protected":false},"author":1,"featured_media":3175,"comment_status":"closed","ping_status":"closed","template":"","tags":[],"categoria_noticias":[],"class_list":["post-15472","noticias","type-noticias","status-publish","has-post-thumbnail","hentry"],"acf":[],"mb":[],"mfb_rest_fields":["title","gutenberg_elementor_mode"],"_links":{"self":[{"href":"https:\/\/portal.fgeo.gob.mx\/index.php\/wp-json\/wp\/v2\/noticias\/15472","targetHints":{"allow":["GET"]}}],"collection":[{"href":"https:\/\/portal.fgeo.gob.mx\/index.php\/wp-json\/wp\/v2\/noticias"}],"about":[{"href":"https:\/\/portal.fgeo.gob.mx\/index.php\/wp-json\/wp\/v2\/types\/noticias"}],"author":[{"embeddable":true,"href":"https:\/\/portal.fgeo.gob.mx\/index.php\/wp-json\/wp\/v2\/users\/1"}],"replies":[{"embeddable":true,"href":"https:\/\/portal.fgeo.gob.mx\/index.php\/wp-json\/wp\/v2\/comments?post=15472"}],"wp:featuredmedia":[{"embeddable":true,"href":"https:\/\/portal.fgeo.gob.mx\/index.php\/wp-json\/"}],"wp:attachment":[{"href":"https:\/\/portal.fgeo.gob.mx\/index.php\/wp-json\/wp\/v2\/media?parent=15472"}],"wp:term":[{"taxonomy":"post_tag","embeddable":true,"href":"https:\/\/portal.fgeo.gob.mx\/index.php\/wp-json\/wp\/v2\/tags?post=15472"},{"taxonomy":"categoria_noticias","embeddable":true,"href":"https:\/\/portal.fgeo.gob.mx\/index.php\/wp-json\/wp\/v2\/categoria_noticias?post=15472"}],"curies":[{"name":"wp","href":"https:\/\/api.w.org\/{rel}","templated":true}]}}