{"id":15470,"date":"2022-12-21T13:34:14","date_gmt":"2022-12-21T19:34:14","guid":{"rendered":"http:\/\/fge.oaxaca.gob.mx\/?post_type=noticias&amp;p=4794"},"modified":"2022-12-21T13:34:14","modified_gmt":"2022-12-21T19:34:14","slug":"en-prision-y-vinculado-a-proceso-probable-agresor-sexual-delito-cometido-en-la-sierra-sur","status":"publish","type":"noticias","link":"https:\/\/portal.fgeo.gob.mx\/index.php\/archivos\/noticias\/en-prision-y-vinculado-a-proceso-probable-agresor-sexual-delito-cometido-en-la-sierra-sur","title":{"rendered":"En prisi\u00f3n y vinculado a proceso, probable agresor sexual; delito cometido en la Sierra Sur"},"content":{"rendered":"<ul>\n<li style=\"font-weight: 400; text-align: justify;\">El Juez en turno determin\u00f3 vincular a proceso a N. R. J., imponi\u00e9ndole prisi\u00f3n preventiva oficiosa y otorg\u00f3 dos meses para el cierre de investigaci\u00f3n.<\/li>\n<\/ul>\n<p style=\"font-weight: 400; text-align: justify;\"><strong>\u00a0<\/strong><\/p>\n<p style=\"font-weight: 400; text-align: justify;\"><strong>Oaxaca de Ju\u00e1rez, Oax., 21 de diciembre de 2022.-<\/strong>\u00a0La Fiscal\u00eda General del Estado de Oaxaca (FGEO) obtuvo auto de vinculaci\u00f3n a proceso contra la persona del sexo masculino identificada como N. R. J., se\u00f1alado como probable responsable del delito de violaci\u00f3n entre c\u00f3nyuges y violencia familiar en agravio de una mujer, cuya identidad es reservada, cometido en Miahuatl\u00e1n de Porfirio D\u00edaz, en la regi\u00f3n Sierra Sur.<\/p>\n<p style=\"font-weight: 400; text-align: justify;\">De acuerdo con la causa penal 124\/2022, el imputado probablemente agredi\u00f3 de manera sexual y ejerci\u00f3 violencia f\u00edsica en contra de la v\u00edctima, cuando se encontraba en el interior de su domicilio, ubicado en inmediaciones de la colonia Labor del Rosario, perteneciente a la demarcaci\u00f3n antes mencionada.<\/p>\n<p style=\"font-weight: 400; text-align: justify;\">Ante este hecho y tras la denuncia presentada, la FGEO inici\u00f3 una exhaustiva investigaci\u00f3n logrando identificar, aprehender y presentar al probable agresor sexual ante la autoridad judicial que lo requiri\u00f3.<\/p>\n<p style=\"font-weight: 400; text-align: justify;\">En audiencia y tras validar los datos de prueba aportados por la Vicefiscal\u00eda General de Control Regional, el Juez en turno determin\u00f3 vincular a proceso a N. R. J., imponiendo la medida cautelar de prisi\u00f3n preventiva oficiosa y otorg\u00f3 dos meses para el cierre de investigaci\u00f3n complementaria.<\/p>\n<p style=\"font-weight: 400; text-align: justify;\">La defensa de mujeres es prioritaria para la Fiscal\u00eda General; por ello, aplicamos toda la capacidad Institucional para presentar ante la justicia a quienes atenten en su contra.<\/p>\n","protected":false},"author":1,"featured_media":3175,"comment_status":"closed","ping_status":"closed","template":"","tags":[],"categoria_noticias":[],"class_list":["post-15470","noticias","type-noticias","status-publish","has-post-thumbnail","hentry"],"acf":[],"mb":[],"mfb_rest_fields":["title","gutenberg_elementor_mode"],"_links":{"self":[{"href":"https:\/\/portal.fgeo.gob.mx\/index.php\/wp-json\/wp\/v2\/noticias\/15470","targetHints":{"allow":["GET"]}}],"collection":[{"href":"https:\/\/portal.fgeo.gob.mx\/index.php\/wp-json\/wp\/v2\/noticias"}],"about":[{"href":"https:\/\/portal.fgeo.gob.mx\/index.php\/wp-json\/wp\/v2\/types\/noticias"}],"author":[{"embeddable":true,"href":"https:\/\/portal.fgeo.gob.mx\/index.php\/wp-json\/wp\/v2\/users\/1"}],"replies":[{"embeddable":true,"href":"https:\/\/portal.fgeo.gob.mx\/index.php\/wp-json\/wp\/v2\/comments?post=15470"}],"wp:featuredmedia":[{"embeddable":true,"href":"https:\/\/portal.fgeo.gob.mx\/index.php\/wp-json\/"}],"wp:attachment":[{"href":"https:\/\/portal.fgeo.gob.mx\/index.php\/wp-json\/wp\/v2\/media?parent=15470"}],"wp:term":[{"taxonomy":"post_tag","embeddable":true,"href":"https:\/\/portal.fgeo.gob.mx\/index.php\/wp-json\/wp\/v2\/tags?post=15470"},{"taxonomy":"categoria_noticias","embeddable":true,"href":"https:\/\/portal.fgeo.gob.mx\/index.php\/wp-json\/wp\/v2\/categoria_noticias?post=15470"}],"curies":[{"name":"wp","href":"https:\/\/api.w.org\/{rel}","templated":true}]}}