{"id":15469,"date":"2022-12-21T13:19:39","date_gmt":"2022-12-21T19:19:39","guid":{"rendered":"http:\/\/fge.oaxaca.gob.mx\/?post_type=noticias&amp;p=4793"},"modified":"2022-12-21T13:19:39","modified_gmt":"2022-12-21T19:19:39","slug":"fgeo-obtiene-sentencia-condenatoria-contra-responsable-de-desaparicion-cometida-por-particulares-cometido-en-valles-centrales","status":"publish","type":"noticias","link":"https:\/\/portal.fgeo.gob.mx\/index.php\/archivos\/noticias\/fgeo-obtiene-sentencia-condenatoria-contra-responsable-de-desaparicion-cometida-por-particulares-cometido-en-valles-centrales","title":{"rendered":"FGEO obtiene sentencia condenatoria contra responsable de desaparici\u00f3n cometida por particulares; Cometido en Valles Centrales"},"content":{"rendered":"<p style=\"font-weight: 400; text-align: justify;\"><strong>Oaxaca de Ju\u00e1rez, Oax., 21 de diciembre de 2022.-<\/strong>\u00a0La Fiscal\u00eda General del Estado de Oaxaca (FGEO) obtuvo fallo condenatorio contra R. C. C. L. alias \u201cEl Lasko\u201d, se\u00f1alado como responsable del delito de desaparici\u00f3n cometida por particulares en agravio de la v\u00edctima U. V. G., cometido en mayo de 2020, en Santa Luc\u00eda del Camino, en la regi\u00f3n de Valles Centrales.<\/p>\n<p style=\"font-weight: 400; text-align: justify;\">De acuerdo con la carpeta de investigaci\u00f3n 17357\/FEDHFDPE\/2020, los hechos se suscitaron el 27 de mayo de 2020, cuando la v\u00edctima fue privada de su libertad y fue trasladado a una vivienda en donde se encontraba el responsable y otros sujetos, la cual se ubica en inmediaciones de la colonia 25 de Enero, perteneciente a la demarcaci\u00f3n antes mencionada,\u00a0 lugar donde permaneci\u00f3 la v\u00edctima\u00a0 hasta el 31 de mayo de 2020.<\/p>\n<p style=\"font-weight: 400; text-align: justify;\">Ante este hecho, la Instituci\u00f3n de procuraci\u00f3n de justicia intervino -a trav\u00e9s de la Unidad Especializada en Desaparici\u00f3n Forzada de la Vicefiscal\u00eda General de Atenci\u00f3n a V\u00edctimas y a la Sociedad-, iniciando la investigaci\u00f3n correspondiente que permiti\u00f3 la aprehensi\u00f3n del imputado que, tras ser presentado ante el Juzgado de Control, fue vinculado a proceso.<\/p>\n<p style=\"font-weight: 400; text-align: justify;\">En audiencia de Procedimiento Abreviado, el Juez dict\u00f3 fallo condenatorio e impuso la pena de 8 a\u00f1os de prisi\u00f3n y cuatro meses, as\u00ed tambi\u00e9n orden\u00f3 el pago de m\u00e1s 131 mil pesos por concepto de multa y reparaci\u00f3n del da\u00f1o.<\/p>\n<p style=\"font-weight: 400; text-align: justify;\">Con estas acciones, la Fiscal\u00eda General refrenda su firme compromiso de aplicar la ley y no permitir la impunidad en los delitos que atentan contra la integridad de las familias oaxaque\u00f1as.<\/p>\n","protected":false},"author":1,"featured_media":3175,"comment_status":"closed","ping_status":"closed","template":"","tags":[],"categoria_noticias":[],"class_list":["post-15469","noticias","type-noticias","status-publish","has-post-thumbnail","hentry"],"acf":[],"mb":[],"mfb_rest_fields":["title","gutenberg_elementor_mode"],"_links":{"self":[{"href":"https:\/\/portal.fgeo.gob.mx\/index.php\/wp-json\/wp\/v2\/noticias\/15469","targetHints":{"allow":["GET"]}}],"collection":[{"href":"https:\/\/portal.fgeo.gob.mx\/index.php\/wp-json\/wp\/v2\/noticias"}],"about":[{"href":"https:\/\/portal.fgeo.gob.mx\/index.php\/wp-json\/wp\/v2\/types\/noticias"}],"author":[{"embeddable":true,"href":"https:\/\/portal.fgeo.gob.mx\/index.php\/wp-json\/wp\/v2\/users\/1"}],"replies":[{"embeddable":true,"href":"https:\/\/portal.fgeo.gob.mx\/index.php\/wp-json\/wp\/v2\/comments?post=15469"}],"wp:featuredmedia":[{"embeddable":true,"href":"https:\/\/portal.fgeo.gob.mx\/index.php\/wp-json\/"}],"wp:attachment":[{"href":"https:\/\/portal.fgeo.gob.mx\/index.php\/wp-json\/wp\/v2\/media?parent=15469"}],"wp:term":[{"taxonomy":"post_tag","embeddable":true,"href":"https:\/\/portal.fgeo.gob.mx\/index.php\/wp-json\/wp\/v2\/tags?post=15469"},{"taxonomy":"categoria_noticias","embeddable":true,"href":"https:\/\/portal.fgeo.gob.mx\/index.php\/wp-json\/wp\/v2\/categoria_noticias?post=15469"}],"curies":[{"name":"wp","href":"https:\/\/api.w.org\/{rel}","templated":true}]}}