{"id":15468,"date":"2022-12-20T17:44:57","date_gmt":"2022-12-20T23:44:57","guid":{"rendered":"http:\/\/fge.oaxaca.gob.mx\/?post_type=noticias&amp;p=4791"},"modified":"2022-12-20T17:44:57","modified_gmt":"2022-12-20T23:44:57","slug":"fgeo-presenta-ante-juez-a-tres-probables-secuestradores-hecho-cometido-en-la-region-de-mixteca","status":"publish","type":"noticias","link":"https:\/\/portal.fgeo.gob.mx\/index.php\/archivos\/noticias\/fgeo-presenta-ante-juez-a-tres-probables-secuestradores-hecho-cometido-en-la-region-de-mixteca","title":{"rendered":"FGEO presenta ante Juez a tres probables secuestradores; hecho cometido en la regi\u00f3n de Mixteca"},"content":{"rendered":"<p style=\"font-weight: 400; text-align: justify;\"><strong>Oaxaca de Ju\u00e1rez, Oax., 20 de diciembre de 2022.-<\/strong>\u00a0La Fiscal\u00eda General del Estado de Oaxaca (FGEO) logr\u00f3 presentar ante un Juez a tres personas por su probable responsabilidad en la comisi\u00f3n del delito de secuestro, luego de que probablemente privaron de la libertad a tres personas del sexo masculino (cuyas identidades son reservadas), hechos ocurridos en la Heroica Ciudad de Huajuapan de Le\u00f3n, en la regi\u00f3n de la Mixteca.<\/p>\n<p style=\"font-weight: 400; text-align: justify;\">Los imputados son identificados como C. A. R. S., J. C. C. H. y L. C. Z. M (mujer), quienes fueron detenidos en flagrancia por Polic\u00edas Municipales en colaboraci\u00f3n con la Polic\u00eda Estatal y la Secretar\u00eda de la Defensa Nacional (SEDENA), por lo que fueron puestos a disposici\u00f3n de la autoridad judicial correspondiente por el referido delito.<\/p>\n<p style=\"font-weight: 400; text-align: justify;\">De acuerdo con la carpeta de investigaci\u00f3n 43185\/FMIX\/HUAJUAPAN\/2022, en la madrugada del 18 de diciembre de 2022, una de las v\u00edctimas se encontraba caminando en inmediaciones de la colonia L\u00e1zaro C\u00e1rdenas, perteneciente a la demarcaci\u00f3n antes mencionada, cuando solicit\u00f3 el apoyo de las corporaciones antes mencionadas y refiri\u00f3 que se hab\u00eda escapado de una casa de seguridad en donde se encontraba secuestrado y que en dicho lugar se encontraban otras personas privadas de la libertad.<\/p>\n<p style=\"font-weight: 400; text-align: justify;\">Posteriormente, las corporaciones antes mencionadas arribaron a un domicilio ubicado en inmediaciones de la Colonia Ni\u00f1os H\u00e9roes, en donde se encontraban dos v\u00edctimas del sexo masculino, quienes fueron rescatados cuando estaban bajo el resguardo de los imputados C. A. R. S., J. C. C. H. y L. C. Z. M (mujer). Cabe mencionar que los probables responsables portaban chalecos bal\u00edsticos y armas de fuego.<\/p>\n<p style=\"font-weight: 400; text-align: justify;\">Por estos hechos, la Instituci\u00f3n de procuraci\u00f3n de justicia inici\u00f3 una exhaustiva y diligente investigaci\u00f3n \u2013a trav\u00e9s de la Vicefiscal\u00eda Regional de la Mixteca y de la Fiscal\u00eda Especializada en Atenci\u00f3n a Delitos de Alto Impacto-, logrando presentar ante el Juez de la causa a los probables responsables.<\/p>\n<p style=\"font-weight: 400; text-align: justify;\">En audiencia, los probables secuestradores se acogieron al t\u00e9rmino constitucional, mismo que fenece el 21 de diciembre de 2022, quedando en tanto en prisi\u00f3n preventiva provisional.<\/p>\n<p style=\"font-weight: 400; text-align: justify;\">El combate al secuestro es un compromiso ineludible para la Fiscal\u00eda General y se actuar\u00e1 con firmeza contra quienes resulten responsables.<\/p>\n","protected":false},"author":1,"featured_media":3175,"comment_status":"closed","ping_status":"closed","template":"","tags":[],"categoria_noticias":[],"class_list":["post-15468","noticias","type-noticias","status-publish","has-post-thumbnail","hentry"],"acf":[],"mb":[],"mfb_rest_fields":["title","gutenberg_elementor_mode"],"_links":{"self":[{"href":"https:\/\/portal.fgeo.gob.mx\/index.php\/wp-json\/wp\/v2\/noticias\/15468","targetHints":{"allow":["GET"]}}],"collection":[{"href":"https:\/\/portal.fgeo.gob.mx\/index.php\/wp-json\/wp\/v2\/noticias"}],"about":[{"href":"https:\/\/portal.fgeo.gob.mx\/index.php\/wp-json\/wp\/v2\/types\/noticias"}],"author":[{"embeddable":true,"href":"https:\/\/portal.fgeo.gob.mx\/index.php\/wp-json\/wp\/v2\/users\/1"}],"replies":[{"embeddable":true,"href":"https:\/\/portal.fgeo.gob.mx\/index.php\/wp-json\/wp\/v2\/comments?post=15468"}],"wp:featuredmedia":[{"embeddable":true,"href":"https:\/\/portal.fgeo.gob.mx\/index.php\/wp-json\/"}],"wp:attachment":[{"href":"https:\/\/portal.fgeo.gob.mx\/index.php\/wp-json\/wp\/v2\/media?parent=15468"}],"wp:term":[{"taxonomy":"post_tag","embeddable":true,"href":"https:\/\/portal.fgeo.gob.mx\/index.php\/wp-json\/wp\/v2\/tags?post=15468"},{"taxonomy":"categoria_noticias","embeddable":true,"href":"https:\/\/portal.fgeo.gob.mx\/index.php\/wp-json\/wp\/v2\/categoria_noticias?post=15468"}],"curies":[{"name":"wp","href":"https:\/\/api.w.org\/{rel}","templated":true}]}}