{"id":15467,"date":"2022-12-20T15:27:23","date_gmt":"2022-12-20T21:27:23","guid":{"rendered":"http:\/\/fge.oaxaca.gob.mx\/?post_type=noticias&amp;p=4790"},"modified":"2022-12-20T15:27:23","modified_gmt":"2022-12-20T21:27:23","slug":"por-el-delito-de-pederastia-fiscalia-de-oaxaca-obtiene-auto-de-vinculacion-a-proceso-contra-masculino-hecho-cometido-en-la-costa","status":"publish","type":"noticias","link":"https:\/\/portal.fgeo.gob.mx\/index.php\/archivos\/noticias\/por-el-delito-de-pederastia-fiscalia-de-oaxaca-obtiene-auto-de-vinculacion-a-proceso-contra-masculino-hecho-cometido-en-la-costa","title":{"rendered":"Por el delito de pederastia, Fiscal\u00eda de Oaxaca obtiene auto de vinculaci\u00f3n a proceso contra masculino, hecho cometido en la Costa"},"content":{"rendered":"<p style=\"font-weight: 400; text-align: justify;\"><strong>Oaxaca de Ju\u00e1rez, Oax., 20 de diciembre de 2022.-<\/strong>\u00a0La Fiscal\u00eda General del Estado de Oaxaca (FGEO) obtuvo auto de vinculaci\u00f3n a proceso contra la persona del sexo masculino identificada como J. A. D., se\u00f1alado como probable responsable del delito pederastia en agravio de una ni\u00f1a de 7 a\u00f1os de edad (cuya identidad es reservada), cometido en jurisdicci\u00f3n de la Villa de Tututepec de Melchor Ocampo, en la regi\u00f3n de la Costa.<\/p>\n<p style=\"font-weight: 400; text-align: justify;\">De acuerdo con la causa penal 652\/2022, el 6 de marzo de 2022, el probable responsable agredi\u00f3 de manera sexual a la v\u00edctima, cuando se encontraba en inmediaciones de un domicilio, ubicado en la demarcaci\u00f3n antes mencionada.<\/p>\n<p style=\"font-weight: 400; text-align: justify;\">Ante estos hechos y tras la denuncia presentada por familiares de la v\u00edctima, la Instituci\u00f3n de procuraci\u00f3n de justicia inici\u00f3 una exhaustiva investigaci\u00f3n -a trav\u00e9s de la Vicefiscal\u00eda Regional de la Costa-, logrando presentar ante el Juez de la causa al probable responsable.<\/p>\n<p style=\"font-weight: 400; text-align: justify;\">En audiencia y tras validar los datos de prueba proporcionados por la FGEO, el juez en turno determin\u00f3 vincular a proceso a J. A. D. y otorg\u00f3 dos meses para el cierre de investigaci\u00f3n complementaria.<\/p>\n<p style=\"font-weight: 400; text-align: justify;\">Para la Fiscal\u00eda General del Estado es prioritario presentar ante la justicia y aplicar todo el rigor de la Ley a responsables de delitos que atentan contra la integridad y derechos de mujeres, ni\u00f1as, ni\u00f1os y adolescentes.<\/p>\n","protected":false},"author":1,"featured_media":3175,"comment_status":"closed","ping_status":"closed","template":"","tags":[],"categoria_noticias":[],"class_list":["post-15467","noticias","type-noticias","status-publish","has-post-thumbnail","hentry"],"acf":[],"mb":[],"mfb_rest_fields":["title","gutenberg_elementor_mode"],"_links":{"self":[{"href":"https:\/\/portal.fgeo.gob.mx\/index.php\/wp-json\/wp\/v2\/noticias\/15467","targetHints":{"allow":["GET"]}}],"collection":[{"href":"https:\/\/portal.fgeo.gob.mx\/index.php\/wp-json\/wp\/v2\/noticias"}],"about":[{"href":"https:\/\/portal.fgeo.gob.mx\/index.php\/wp-json\/wp\/v2\/types\/noticias"}],"author":[{"embeddable":true,"href":"https:\/\/portal.fgeo.gob.mx\/index.php\/wp-json\/wp\/v2\/users\/1"}],"replies":[{"embeddable":true,"href":"https:\/\/portal.fgeo.gob.mx\/index.php\/wp-json\/wp\/v2\/comments?post=15467"}],"wp:featuredmedia":[{"embeddable":true,"href":"https:\/\/portal.fgeo.gob.mx\/index.php\/wp-json\/"}],"wp:attachment":[{"href":"https:\/\/portal.fgeo.gob.mx\/index.php\/wp-json\/wp\/v2\/media?parent=15467"}],"wp:term":[{"taxonomy":"post_tag","embeddable":true,"href":"https:\/\/portal.fgeo.gob.mx\/index.php\/wp-json\/wp\/v2\/tags?post=15467"},{"taxonomy":"categoria_noticias","embeddable":true,"href":"https:\/\/portal.fgeo.gob.mx\/index.php\/wp-json\/wp\/v2\/categoria_noticias?post=15467"}],"curies":[{"name":"wp","href":"https:\/\/api.w.org\/{rel}","templated":true}]}}