{"id":15466,"date":"2022-12-20T13:48:54","date_gmt":"2022-12-20T19:48:54","guid":{"rendered":"http:\/\/fge.oaxaca.gob.mx\/?post_type=noticias&amp;p=4789"},"modified":"2022-12-20T13:48:54","modified_gmt":"2022-12-20T19:48:54","slug":"a-traves-del-cejum-fiscalia-general-pone-en-marcha-el-programa-jugando-y-aprendiendo-a-no-violentar","status":"publish","type":"noticias","link":"https:\/\/portal.fgeo.gob.mx\/index.php\/archivos\/noticias\/a-traves-del-cejum-fiscalia-general-pone-en-marcha-el-programa-jugando-y-aprendiendo-a-no-violentar","title":{"rendered":"A trav\u00e9s del CEJUM, Fiscal\u00eda General pone en marcha el programa: \u201cJugando y Aprendiendo a no Violentar\u201d"},"content":{"rendered":"<ul>\n<li style=\"font-weight: 400; text-align: justify;\">Dicho programa ser\u00e1 permanente en coordinaci\u00f3n con instituciones educativas de nivel b\u00e1sico.<\/li>\n<\/ul>\n<p style=\"font-weight: 400; text-align: justify;\"><strong>\u00a0<\/strong><\/p>\n<p style=\"font-weight: 400; text-align: justify;\"><strong>Oaxaca de Ju\u00e1rez, Oax., 20 de diciembre de 2022.-<\/strong>\u00a0La Fiscal\u00eda General del Estado de Oaxaca (FGEO), a trav\u00e9s del Centro de Justicia para las Mujeres (CEJUM), puso en marcha la campa\u00f1a \u201cJugando y Aprendiendo a no Violentar\u201d, el cual tiene como objetivo incidir en la vida y educaci\u00f3n de las infancias y adolescencias para as\u00ed lograr\u00a0 identificar las formas de violencia\u00a0 y as\u00ed emprender acciones que permitan erradicarla.<\/p>\n<p style=\"font-weight: 400; text-align: justify;\">Cabe mencionar que dicha acci\u00f3n fue realizada en el Instituto Flandes del Olimpo en la capital oaxaque\u00f1a y se cont\u00f3 con la presencia de aproximadamente 80 alumnos del referido plantel.<\/p>\n<p style=\"font-weight: 400; text-align: justify;\">En este sentido, la directora del Centro de Justicia para las Mujeres (CEJUM), Tania Albarr\u00e1n Ocampo, dijo que el arranque de este programa es un compromiso con ni\u00f1as, ni\u00f1os y adolescentes, el cual ser\u00e1 asumido por la instituci\u00f3n a su cargo, as\u00ed como de la colaboraci\u00f3n de las instituciones educativas, para tener espacios donde este sector pueda pedir y encontrar apoyo especializado y confidencial en caso de ser v\u00edctimas de alg\u00fan tipo de violencia.<\/p>\n<p style=\"font-weight: 400; text-align: justify;\">Asimismo, agreg\u00f3 que \u201clas ni\u00f1as, ni\u00f1os y adolescentes podr\u00e1n conocer sus derechos, as\u00ed como tambi\u00e9n saber c\u00f3mo ejercerlos, adem\u00e1s que podemos prevenir la comisi\u00f3n de delitos que afectan el libre desarrollo de las infancias\u201d.<\/p>\n<p style=\"font-weight: 400; text-align: justify;\">Abund\u00f3 que la ni\u00f1ez oaxaque\u00f1a cuenta con el respaldo del Fiscal General, Arturo Peimbert Calvo, y que en ning\u00fan momento se permitir\u00e1 que se transgredan los derechos humanos que como ni\u00f1os y adolescentes tienen garantizados\u201d.<\/p>\n<p style=\"font-weight: 400; text-align: justify;\">Agreg\u00f3 que, el programa cuenta con actividades dise\u00f1adas de acuerdo a la edad y pensamiento de la ni\u00f1ez y adolescencia, con ello se busca participar en la formaci\u00f3n de generaciones y as\u00ed generar conciencia de las afectaciones que provoca cualquier tipo de violencia en la vida de las personas.<\/p>\n<p style=\"font-weight: 400; text-align: justify;\">En este evento estuvieron presentes, la Directora del Instituto Flandes de Olimpo, Darinka Luna; personal de la referida instituci\u00f3n y personal del CEJUM.<\/p>\n","protected":false},"author":1,"featured_media":3175,"comment_status":"closed","ping_status":"closed","template":"","tags":[],"categoria_noticias":[],"class_list":["post-15466","noticias","type-noticias","status-publish","has-post-thumbnail","hentry"],"acf":[],"mb":[],"mfb_rest_fields":["title","gutenberg_elementor_mode"],"_links":{"self":[{"href":"https:\/\/portal.fgeo.gob.mx\/index.php\/wp-json\/wp\/v2\/noticias\/15466","targetHints":{"allow":["GET"]}}],"collection":[{"href":"https:\/\/portal.fgeo.gob.mx\/index.php\/wp-json\/wp\/v2\/noticias"}],"about":[{"href":"https:\/\/portal.fgeo.gob.mx\/index.php\/wp-json\/wp\/v2\/types\/noticias"}],"author":[{"embeddable":true,"href":"https:\/\/portal.fgeo.gob.mx\/index.php\/wp-json\/wp\/v2\/users\/1"}],"replies":[{"embeddable":true,"href":"https:\/\/portal.fgeo.gob.mx\/index.php\/wp-json\/wp\/v2\/comments?post=15466"}],"wp:featuredmedia":[{"embeddable":true,"href":"https:\/\/portal.fgeo.gob.mx\/index.php\/wp-json\/"}],"wp:attachment":[{"href":"https:\/\/portal.fgeo.gob.mx\/index.php\/wp-json\/wp\/v2\/media?parent=15466"}],"wp:term":[{"taxonomy":"post_tag","embeddable":true,"href":"https:\/\/portal.fgeo.gob.mx\/index.php\/wp-json\/wp\/v2\/tags?post=15466"},{"taxonomy":"categoria_noticias","embeddable":true,"href":"https:\/\/portal.fgeo.gob.mx\/index.php\/wp-json\/wp\/v2\/categoria_noticias?post=15466"}],"curies":[{"name":"wp","href":"https:\/\/api.w.org\/{rel}","templated":true}]}}