{"id":15465,"date":"2022-12-20T13:30:25","date_gmt":"2022-12-20T19:30:25","guid":{"rendered":"http:\/\/fge.oaxaca.gob.mx\/?post_type=noticias&amp;p=4788"},"modified":"2022-12-20T13:30:25","modified_gmt":"2022-12-20T19:30:25","slug":"por-cuarto-dia-consecutivo-fgeo-realiza-labores-de-busqueda-de-dos-menores-de-edad-en-la-costa","status":"publish","type":"noticias","link":"https:\/\/portal.fgeo.gob.mx\/index.php\/archivos\/noticias\/por-cuarto-dia-consecutivo-fgeo-realiza-labores-de-busqueda-de-dos-menores-de-edad-en-la-costa","title":{"rendered":"Por cuarto d\u00eda consecutivo, FGEO realiza labores de b\u00fasqueda de dos menores de edad en la Costa"},"content":{"rendered":"<ul>\n<li style=\"font-weight: 400; text-align: justify;\">Se activ\u00f3 la Alerta Amber por las dos v\u00edctimas, al considerar que podr\u00edan encontrarse en una situaci\u00f3n de riesgo.<\/li>\n<\/ul>\n<p style=\"font-weight: 400; text-align: justify;\"><strong>\u00a0<\/strong><\/p>\n<p style=\"font-weight: 400; text-align: justify;\"><strong>Oaxaca de Ju\u00e1rez, Oax., 20 de diciembre de 2022.-<\/strong>\u00a0La Fiscal\u00eda General del Estado de Oaxaca (FGEO) realiza trabajos de b\u00fasqueda y localizaci\u00f3n para dar con el paradero de dos menores de edad, identificados como Jacob V\u00e1squez Gonz\u00e1lez de 5 a\u00f1os de edad y Belinda Esther V\u00e1squez Aguilar de 12 a\u00f1os de edad, en la regi\u00f3n de la Costa de Oaxaca.<\/p>\n<p style=\"font-weight: 400; text-align: justify;\">Por cuarto d\u00eda consecutivo, la FGEO, a trav\u00e9s de la Vicefical\u00eda Regional de la Costa, despleg\u00f3 a elementos de la Agencia Estatal de Investigaciones (AEI) para realizar las labores de b\u00fasqueda.<\/p>\n<p style=\"font-weight: 400; text-align: justify;\">Las dos v\u00edctimas fueron vistos por \u00faltima vez el 17 de diciembre de este a\u00f1o, en su domicilio ubicado en el Barrio Grande en el municipio de San Pedro Atoyac.<\/p>\n<p style=\"font-weight: 400; text-align: justify;\">A partir de este reporte, la Unidad de B\u00fasqueda de Personas Desaparecidas y No Localizadas activ\u00f3 la Alerta Amber 32\/ALERTA-DNOL\/2022 y 33\/ALERTA-DNOL\/2022, al considerar que la integridad de las v\u00edctimas podr\u00eda estar en riesgo y solicita el apoyo de la ciudadan\u00eda para dar con su paradero.<\/p>\n<p style=\"font-weight: 400; text-align: justify;\">En tanto que los elementos de la AEI se han coordinado con la Secretar\u00eda de la Defensa Nacional, as\u00ed como la Polic\u00eda Estatal de la Secretar\u00eda de Seguridad P\u00fablica de Oaxaca, as\u00ed como diferentes corporaciones locales para colaborar en los trabajos de b\u00fasqueda.<\/p>\n<p style=\"font-weight: 400; text-align: justify;\">Este martes, la FGEO despleg\u00f3 nuevamente a personal de la Instituci\u00f3n para realizar recorridos y labores de investigaci\u00f3n en San Pedro Atoyac.<\/p>\n<p style=\"font-weight: 400; text-align: justify;\">La Fiscal\u00eda de Oaxaca tiene el compromiso de garantizar la seguridad y paz social a trav\u00e9s de la procuraci\u00f3n de justicia.<\/p>\n","protected":false},"author":1,"featured_media":3175,"comment_status":"closed","ping_status":"closed","template":"","tags":[],"categoria_noticias":[],"class_list":["post-15465","noticias","type-noticias","status-publish","has-post-thumbnail","hentry"],"acf":[],"mb":[],"mfb_rest_fields":["title","gutenberg_elementor_mode"],"_links":{"self":[{"href":"https:\/\/portal.fgeo.gob.mx\/index.php\/wp-json\/wp\/v2\/noticias\/15465","targetHints":{"allow":["GET"]}}],"collection":[{"href":"https:\/\/portal.fgeo.gob.mx\/index.php\/wp-json\/wp\/v2\/noticias"}],"about":[{"href":"https:\/\/portal.fgeo.gob.mx\/index.php\/wp-json\/wp\/v2\/types\/noticias"}],"author":[{"embeddable":true,"href":"https:\/\/portal.fgeo.gob.mx\/index.php\/wp-json\/wp\/v2\/users\/1"}],"replies":[{"embeddable":true,"href":"https:\/\/portal.fgeo.gob.mx\/index.php\/wp-json\/wp\/v2\/comments?post=15465"}],"wp:featuredmedia":[{"embeddable":true,"href":"https:\/\/portal.fgeo.gob.mx\/index.php\/wp-json\/"}],"wp:attachment":[{"href":"https:\/\/portal.fgeo.gob.mx\/index.php\/wp-json\/wp\/v2\/media?parent=15465"}],"wp:term":[{"taxonomy":"post_tag","embeddable":true,"href":"https:\/\/portal.fgeo.gob.mx\/index.php\/wp-json\/wp\/v2\/tags?post=15465"},{"taxonomy":"categoria_noticias","embeddable":true,"href":"https:\/\/portal.fgeo.gob.mx\/index.php\/wp-json\/wp\/v2\/categoria_noticias?post=15465"}],"curies":[{"name":"wp","href":"https:\/\/api.w.org\/{rel}","templated":true}]}}