{"id":15463,"date":"2022-12-19T14:53:59","date_gmt":"2022-12-19T20:53:59","guid":{"rendered":"http:\/\/fge.oaxaca.gob.mx\/?post_type=noticias&amp;p=4786"},"modified":"2022-12-19T14:53:59","modified_gmt":"2022-12-19T20:53:59","slug":"ejecutamos-orden-de-aprehension-contra-probable-responsable-del-delito-de-despojo-cometido-en-la-costa-fiscalia-de-oaxaca","status":"publish","type":"noticias","link":"https:\/\/portal.fgeo.gob.mx\/index.php\/archivos\/noticias\/ejecutamos-orden-de-aprehension-contra-probable-responsable-del-delito-de-despojo-cometido-en-la-costa-fiscalia-de-oaxaca","title":{"rendered":"Ejecutamos orden de aprehensi\u00f3n contra probable responsable del delito de despojo, cometido en la Costa: Fiscal\u00eda de Oaxaca"},"content":{"rendered":"<p style=\"font-weight: 400; text-align: justify;\"><strong>Oaxaca de Ju\u00e1rez, Oax., 19 de diciembre de 2022.-<\/strong>\u00a0La Fiscal\u00eda General del Estado de Oaxaca (FGEO) ejecut\u00f3 orden de aprehensi\u00f3n contra la persona del sexo masculino identificado como G. P. C., probable responsable del delito de despojo en perjuicio patrimonial de F. P. A., cometido en diciembre de 2009, en jurisdicci\u00f3n de San Pedro Pochutla, en la regi\u00f3n de la Costa.<\/p>\n<p style=\"font-weight: 400; text-align: justify;\">Agentes Estatales de Investigaci\u00f3n (AEI) aprehendieron al inculpado cuando transitaba sobre la carretera que conduce de San Pedro Pochutla a la poblaci\u00f3n de San Miguel Figueroa, siendo puesto a disposici\u00f3n de la autoridad ministerial correspondiente.<\/p>\n<p style=\"font-weight: 400; text-align: justify;\">De acuerdo con la averiguaci\u00f3n previa 18(C.L.)\/2010], los hechos se suscitaron el 1 de diciembre de 2009, cuando el inculpado probablemente ocup\u00f3, con el \u00e1nimo de apropiaci\u00f3n, parte de un inmueble propiedad del agraviado, ubicado en San Rafael Toltepec.<\/p>\n<p style=\"font-weight: 400; text-align: justify;\">El probable responsable fue puesto a disposici\u00f3n de la autoridad ministerial que lo requiri\u00f3, quien determinar\u00e1 su situaci\u00f3n jur\u00eddica en las pr\u00f3ximas horas.<\/p>\n<p style=\"font-weight: 400; text-align: justify;\">La Fiscal\u00eda General persigue a responsables de delitos que atentan contra el patrimonio de las familias oaxaque\u00f1as.<\/p>\n","protected":false},"author":1,"featured_media":3175,"comment_status":"closed","ping_status":"closed","template":"","tags":[],"categoria_noticias":[],"class_list":["post-15463","noticias","type-noticias","status-publish","has-post-thumbnail","hentry"],"acf":[],"mb":[],"mfb_rest_fields":["title","gutenberg_elementor_mode"],"_links":{"self":[{"href":"https:\/\/portal.fgeo.gob.mx\/index.php\/wp-json\/wp\/v2\/noticias\/15463","targetHints":{"allow":["GET"]}}],"collection":[{"href":"https:\/\/portal.fgeo.gob.mx\/index.php\/wp-json\/wp\/v2\/noticias"}],"about":[{"href":"https:\/\/portal.fgeo.gob.mx\/index.php\/wp-json\/wp\/v2\/types\/noticias"}],"author":[{"embeddable":true,"href":"https:\/\/portal.fgeo.gob.mx\/index.php\/wp-json\/wp\/v2\/users\/1"}],"replies":[{"embeddable":true,"href":"https:\/\/portal.fgeo.gob.mx\/index.php\/wp-json\/wp\/v2\/comments?post=15463"}],"wp:featuredmedia":[{"embeddable":true,"href":"https:\/\/portal.fgeo.gob.mx\/index.php\/wp-json\/"}],"wp:attachment":[{"href":"https:\/\/portal.fgeo.gob.mx\/index.php\/wp-json\/wp\/v2\/media?parent=15463"}],"wp:term":[{"taxonomy":"post_tag","embeddable":true,"href":"https:\/\/portal.fgeo.gob.mx\/index.php\/wp-json\/wp\/v2\/tags?post=15463"},{"taxonomy":"categoria_noticias","embeddable":true,"href":"https:\/\/portal.fgeo.gob.mx\/index.php\/wp-json\/wp\/v2\/categoria_noticias?post=15463"}],"curies":[{"name":"wp","href":"https:\/\/api.w.org\/{rel}","templated":true}]}}