{"id":15462,"date":"2022-12-14T14:56:25","date_gmt":"2022-12-14T20:56:25","guid":{"rendered":"http:\/\/fge.oaxaca.gob.mx\/?post_type=noticias&amp;p=4774"},"modified":"2022-12-14T14:56:25","modified_gmt":"2022-12-14T20:56:25","slug":"obtiene-fgeo-sentencia-condenatoria-de-20-anos-de-prision-contra-responsable-de-homicidio-y-lesiones-cometido-en-la-cuenca","status":"publish","type":"noticias","link":"https:\/\/portal.fgeo.gob.mx\/index.php\/archivos\/noticias\/obtiene-fgeo-sentencia-condenatoria-de-20-anos-de-prision-contra-responsable-de-homicidio-y-lesiones-cometido-en-la-cuenca","title":{"rendered":"Obtiene FGEO sentencia condenatoria de 20 a\u00f1os de prisi\u00f3n contra responsable de homicidio y lesiones cometido en la Cuenca"},"content":{"rendered":"<p style=\"font-weight: 400; text-align: justify;\"><strong>Oaxaca de Ju\u00e1rez, Oax., 14 de diciembre de 2022.-<\/strong>\u00a0La Fiscal\u00eda General del Estado de Oaxaca (FGEO) obtuvo, del Juez Control, sentencia condenatoria de 20 a\u00f1os de prisi\u00f3n contra la persona del sexo masculino identificada como L. D. J. R., alias el \u201cG\u00fcicho\u201d, responsable del delito de homicidio calificado en agravio de quien en vida respondi\u00f3 al nombre de M. R. F y del delito de lesiones calificadas en agravio de E. R. F., cometido en diciembre de 2018, en\u00a0 jurisdicci\u00f3n de San Juan Bautista Tuxtepec, en la regi\u00f3n de la Cuenca.<\/p>\n<p style=\"font-weight: 400; text-align: justify;\">De acuerdo con la carpeta de investigaci\u00f3n 3563\/FTDAI\/2018, el 23 de diciembre de 2018, el \u201cG\u00fcicho\u201d arrib\u00f3 al domicilio de las v\u00edctimas, en inmediaciones de la colonia Siglo XXI, perteneciente a la demarcaci\u00f3n antes mencionada y agredi\u00f3 con un arma de fuego a M. R. F y posteriormente utiliz\u00f3 un objeto corto contundente (machete), infligiendo lesiones que le provocaron la muerte. As\u00ed tambi\u00e9n, el responsable lesion\u00f3 a la v\u00edctima E. R. F., quien result\u00f3 con heridas de gravedad.<\/p>\n<p style=\"font-weight: 400; text-align: justify;\">Ante este hecho, la Instituci\u00f3n de procuraci\u00f3n de justicia inici\u00f3 la investigaci\u00f3n correspondiente -a trav\u00e9s de la Vicefiscal\u00eda Regional de la Cuenca-, logrando ubicar, aprehender y presentar al agresor ante el Juzgado de Control, quien determin\u00f3 vincularlo a proceso.<\/p>\n<p style=\"font-weight: 400; text-align: justify;\">En audiencia de procedimiento abreviado, el Juez de Control, dict\u00f3 sentencia condenatoria contra L. D. J. R. alias el \u201cG\u00fcicho\u201d, imponiendo la pena de 20 a\u00f1os, adem\u00e1s que orden\u00f3 el pago de la reparaci\u00f3n del da\u00f1o.<\/p>\n<p style=\"font-weight: 400; text-align: justify;\">La Fiscal\u00eda General garantiza justicia plena a v\u00edctimas de delitos, aplicando todo el rigor de la Ley a quienes resulten responsables.<\/p>\n","protected":false},"author":1,"featured_media":3175,"comment_status":"closed","ping_status":"closed","template":"","tags":[],"categoria_noticias":[],"class_list":["post-15462","noticias","type-noticias","status-publish","has-post-thumbnail","hentry"],"acf":[],"mb":[],"mfb_rest_fields":["title","gutenberg_elementor_mode"],"_links":{"self":[{"href":"https:\/\/portal.fgeo.gob.mx\/index.php\/wp-json\/wp\/v2\/noticias\/15462","targetHints":{"allow":["GET"]}}],"collection":[{"href":"https:\/\/portal.fgeo.gob.mx\/index.php\/wp-json\/wp\/v2\/noticias"}],"about":[{"href":"https:\/\/portal.fgeo.gob.mx\/index.php\/wp-json\/wp\/v2\/types\/noticias"}],"author":[{"embeddable":true,"href":"https:\/\/portal.fgeo.gob.mx\/index.php\/wp-json\/wp\/v2\/users\/1"}],"replies":[{"embeddable":true,"href":"https:\/\/portal.fgeo.gob.mx\/index.php\/wp-json\/wp\/v2\/comments?post=15462"}],"wp:featuredmedia":[{"embeddable":true,"href":"https:\/\/portal.fgeo.gob.mx\/index.php\/wp-json\/"}],"wp:attachment":[{"href":"https:\/\/portal.fgeo.gob.mx\/index.php\/wp-json\/wp\/v2\/media?parent=15462"}],"wp:term":[{"taxonomy":"post_tag","embeddable":true,"href":"https:\/\/portal.fgeo.gob.mx\/index.php\/wp-json\/wp\/v2\/tags?post=15462"},{"taxonomy":"categoria_noticias","embeddable":true,"href":"https:\/\/portal.fgeo.gob.mx\/index.php\/wp-json\/wp\/v2\/categoria_noticias?post=15462"}],"curies":[{"name":"wp","href":"https:\/\/api.w.org\/{rel}","templated":true}]}}