{"id":14953,"date":"2022-03-07T13:46:25","date_gmt":"2022-03-07T19:46:25","guid":{"rendered":"http:\/\/fge.oaxaca.gob.mx\/?post_type=noticias&amp;p=4096"},"modified":"2022-03-07T13:46:25","modified_gmt":"2022-03-07T19:46:25","slug":"logramos-sentencia-condenatoria-contra-responsable-de-violencia-familiar-delito-cometido-en-el-distrito-de-pochutla","status":"publish","type":"noticias","link":"https:\/\/portal.fgeo.gob.mx\/index.php\/archivos\/noticias\/logramos-sentencia-condenatoria-contra-responsable-de-violencia-familiar-delito-cometido-en-el-distrito-de-pochutla","title":{"rendered":"Logramos sentencia condenatoria contra responsable de violencia familiar; delito cometido en el Distrito de Pochutla"},"content":{"rendered":"<p style=\"font-weight: 400; text-align: justify;\"><strong>Oaxaca de Ju\u00e1rez, Oax., 7 de marzo de 2022.-<\/strong>\u00a0Derivado de la comprometida labor de investigaci\u00f3n y resoluci\u00f3n de casos de violencia de g\u00e9nero de la Fiscal\u00eda General del Estado de Oaxaca (FGEO) se obtuvo sentencia condenatoria de dos a\u00f1os de prisi\u00f3n contra la persona del sexo masculino identificada como F. R. O., responsable del delito de violencia familiar en agravio de la mujer Z. A. S. (esposa), cometido en jurisdicci\u00f3n de Santa Mar\u00eda Colotepec, Distrito de Pochutla, en la regi\u00f3n de la Costa.<\/p>\n<p style=\"font-weight: 400; text-align: justify;\">De acuerdo con la causa penal 397\/2021, el 28 de enero de 2021, aproximadamente a las 23:00 horas, el imputado agredi\u00f3 de manera verbal a la v\u00edctima, en el interior de su domicilio, ubicado en el referido municipio.<\/p>\n<p style=\"font-weight: 400; text-align: justify;\">Ante este hecho, la Instituci\u00f3n de procuraci\u00f3n de justicia inici\u00f3 la investigaci\u00f3n correspondiente -a trav\u00e9s de la Vicefiscal\u00eda Regional de la Costa-, logrando identificar, aprehender y presentar al imputado ante el Juzgado de Control, quien determin\u00f3 vincularlo a proceso.<\/p>\n<p style=\"font-weight: 400; text-align: justify;\">En audiencia, el Tribunal de Enjuiciamiento dict\u00f3 sentencia condenatoria F. R. O., imponiendo la pena de dos a\u00f1os de prisi\u00f3n y orden\u00f3 el pago de m\u00e1s de 12 mil pesos por concepto de multa y reparaci\u00f3n del da\u00f1o.<\/p>\n<p style=\"font-weight: 400; text-align: justify;\">La Fiscal\u00eda General garantiza justicia plena a v\u00edctimas directas e indirectas de delitos, aplicando todo el rigor de la Ley a quienes resulten responsables.<\/p>\n","protected":false},"author":1,"featured_media":3175,"comment_status":"closed","ping_status":"closed","template":"","tags":[],"categoria_noticias":[],"class_list":["post-14953","noticias","type-noticias","status-publish","has-post-thumbnail","hentry"],"acf":[],"mb":[],"mfb_rest_fields":["title","gutenberg_elementor_mode"],"_links":{"self":[{"href":"https:\/\/portal.fgeo.gob.mx\/index.php\/wp-json\/wp\/v2\/noticias\/14953","targetHints":{"allow":["GET"]}}],"collection":[{"href":"https:\/\/portal.fgeo.gob.mx\/index.php\/wp-json\/wp\/v2\/noticias"}],"about":[{"href":"https:\/\/portal.fgeo.gob.mx\/index.php\/wp-json\/wp\/v2\/types\/noticias"}],"author":[{"embeddable":true,"href":"https:\/\/portal.fgeo.gob.mx\/index.php\/wp-json\/wp\/v2\/users\/1"}],"replies":[{"embeddable":true,"href":"https:\/\/portal.fgeo.gob.mx\/index.php\/wp-json\/wp\/v2\/comments?post=14953"}],"wp:featuredmedia":[{"embeddable":true,"href":"https:\/\/portal.fgeo.gob.mx\/index.php\/wp-json\/"}],"wp:attachment":[{"href":"https:\/\/portal.fgeo.gob.mx\/index.php\/wp-json\/wp\/v2\/media?parent=14953"}],"wp:term":[{"taxonomy":"post_tag","embeddable":true,"href":"https:\/\/portal.fgeo.gob.mx\/index.php\/wp-json\/wp\/v2\/tags?post=14953"},{"taxonomy":"categoria_noticias","embeddable":true,"href":"https:\/\/portal.fgeo.gob.mx\/index.php\/wp-json\/wp\/v2\/categoria_noticias?post=14953"}],"curies":[{"name":"wp","href":"https:\/\/api.w.org\/{rel}","templated":true}]}}