{"id":14952,"date":"2022-03-07T10:59:44","date_gmt":"2022-03-07T16:59:44","guid":{"rendered":"http:\/\/fge.oaxaca.gob.mx\/?post_type=noticias&amp;p=4095"},"modified":"2022-03-07T10:59:44","modified_gmt":"2022-03-07T16:59:44","slug":"logramos-vincular-a-proceso-a-segundo-probable-extorsionador-que-operaba-en-san-bartolo-coyotepec","status":"publish","type":"noticias","link":"https:\/\/portal.fgeo.gob.mx\/index.php\/archivos\/noticias\/logramos-vincular-a-proceso-a-segundo-probable-extorsionador-que-operaba-en-san-bartolo-coyotepec","title":{"rendered":"Logramos vincular a proceso a segundo probable extorsionador que operaba en San Bartolo Coyotepec"},"content":{"rendered":"<p style=\"font-weight: 400; text-align: justify;\"><strong>Oaxaca de Ju\u00e1rez, Oax., 7 de marzo de 2022.-<\/strong>\u00a0La Fiscal\u00eda General del Estado de Oaxaca (FGEO) obtuvo auto de vinculaci\u00f3n a proceso contra la persona del sexo masculino identificada como A. M. C., alias \u201cEl Comandante\u201d, segundo probable implicado en el delito de extorsi\u00f3n telef\u00f3nica con la agravante de pandilla, en agravio de A. B. V., cometido en jurisdicci\u00f3n de San Bartolo Coyotepec, en la regi\u00f3n de Valles Centrales.<\/p>\n<p style=\"font-weight: 400; text-align: justify;\">De acuerdo con la carpeta de investigaci\u00f3n 15120\/FDAI\/UECS\/2021, entre los d\u00edas 6 y 19 de mayo de 2021, la v\u00edctima fue extorsionada v\u00eda telef\u00f3nica por sujetos desconocidos -entre ellos el imputado-, cuando se encontraba en su domicilio particular ubicado en la localidad de Reyes Mantec\u00f3n de San Bartolo Coyotepec; a trav\u00e9s de esta v\u00eda exig\u00edan entregar una fuerte suma de dinero a cambio de no atentar contra su vida y su familia.<\/p>\n<p style=\"font-weight: 400; text-align: justify;\">Ante estos hechos y tras la denuncia presentada, la Instituci\u00f3n de procuraci\u00f3n de justicia atrajo la investigaci\u00f3n -a trav\u00e9s de la Fiscal\u00eda Especializada en Atenci\u00f3n a Delitos de Alto Impacto-, montando un operativo el 20 de mayo de 2021, en el que participaron elementos de la Unidad Especializada en Combate al Secuestro, logrando la detenci\u00f3n en primera instancia del masculino G. A C. S., quien ya fue vinculado a proceso.<\/p>\n<p style=\"font-weight: 400; text-align: justify;\">En audiencia y tras validar los datos de prueba proporcionados por la FGEO, el Juez en turno determin\u00f3 vincular a proceso a A. M. C., alias \u201cEl Comandante\u201d, imponiendo la medida cautelar de prisi\u00f3n preventiva oficiosa y otorg\u00f3 tres meses para el cierre de investigaci\u00f3n complementaria.<\/p>\n<p style=\"font-weight: 400; text-align: justify;\">En delitos de alto impacto, la Fiscal\u00eda General compromete investigaciones exhaustivas, a fin de garantizar justicia a las v\u00edctimas.<\/p>\n","protected":false},"author":1,"featured_media":3175,"comment_status":"closed","ping_status":"closed","template":"","tags":[],"categoria_noticias":[],"class_list":["post-14952","noticias","type-noticias","status-publish","has-post-thumbnail","hentry"],"acf":[],"mb":[],"mfb_rest_fields":["title","gutenberg_elementor_mode"],"_links":{"self":[{"href":"https:\/\/portal.fgeo.gob.mx\/index.php\/wp-json\/wp\/v2\/noticias\/14952","targetHints":{"allow":["GET"]}}],"collection":[{"href":"https:\/\/portal.fgeo.gob.mx\/index.php\/wp-json\/wp\/v2\/noticias"}],"about":[{"href":"https:\/\/portal.fgeo.gob.mx\/index.php\/wp-json\/wp\/v2\/types\/noticias"}],"author":[{"embeddable":true,"href":"https:\/\/portal.fgeo.gob.mx\/index.php\/wp-json\/wp\/v2\/users\/1"}],"replies":[{"embeddable":true,"href":"https:\/\/portal.fgeo.gob.mx\/index.php\/wp-json\/wp\/v2\/comments?post=14952"}],"wp:featuredmedia":[{"embeddable":true,"href":"https:\/\/portal.fgeo.gob.mx\/index.php\/wp-json\/"}],"wp:attachment":[{"href":"https:\/\/portal.fgeo.gob.mx\/index.php\/wp-json\/wp\/v2\/media?parent=14952"}],"wp:term":[{"taxonomy":"post_tag","embeddable":true,"href":"https:\/\/portal.fgeo.gob.mx\/index.php\/wp-json\/wp\/v2\/tags?post=14952"},{"taxonomy":"categoria_noticias","embeddable":true,"href":"https:\/\/portal.fgeo.gob.mx\/index.php\/wp-json\/wp\/v2\/categoria_noticias?post=14952"}],"curies":[{"name":"wp","href":"https:\/\/api.w.org\/{rel}","templated":true}]}}