{"id":14950,"date":"2022-03-05T14:33:08","date_gmt":"2022-03-05T20:33:08","guid":{"rendered":"http:\/\/fge.oaxaca.gob.mx\/?post_type=noticias&amp;p=4093"},"modified":"2022-03-05T14:33:08","modified_gmt":"2022-03-05T20:33:08","slug":"hacemos-frente-a-los-delitos-de-violencia-familiar-vinculamos-a-proceso-a-2-probables-agresores","status":"publish","type":"noticias","link":"https:\/\/portal.fgeo.gob.mx\/index.php\/archivos\/noticias\/hacemos-frente-a-los-delitos-de-violencia-familiar-vinculamos-a-proceso-a-2-probables-agresores","title":{"rendered":"Hacemos frente a los delitos de violencia familiar: vinculamos a proceso a 2 probables agresores"},"content":{"rendered":"<ul>\n<li style=\"font-weight: 400; text-align: justify;\">En hechos diferentes, fueron vinculados a proceso C. C.M. y R. S. P., como probables responsables.<\/li>\n<\/ul>\n<p style=\"font-weight: 400; text-align: justify;\"><strong>Oaxaca de Ju\u00e1rez, Oax., 5 de marzo de 2022.-<\/strong>\u00a0En estricto apego a la pol\u00edtica de actuar con firmeza contra quienes vulneren los derechos de ni\u00f1as, ni\u00f1os, adolescentes y mujeres, la Fiscal\u00eda General del Estado de Oaxaca (FGEO) obtuvo, del Juzgado de Control, auto de vinculaci\u00f3n a proceso contra la persona del sexo masculino identificada como C. C. M., probable responsable del delito de violencia familiar y lesiones en agravio de una mujer identificada como C. H. R. y un menor de edad (cuya identidad es reservada por ley), cometido\u00a0 Santa Cruz Zenzontepec, en la regi\u00f3n de la Sierra Sur.<\/p>\n<p style=\"font-weight: 400; text-align: justify;\">De acuerdo con la carpeta de investigaci\u00f3n 6333\/FNSC\/SOLA\/2022, el 23 de febrero de 2022, el imputado agredi\u00f3 de manera f\u00edsica a las v\u00edctimas cuando se encontraban en un inmueble ubicado en inmediaciones del barrio San Pedro, perteneciente al referido municipio.<\/p>\n<p style=\"font-weight: 400; text-align: justify;\">Ante este hecho y tras la denuncia presentada, la instituci\u00f3n de procuraci\u00f3n de justicia -a trav\u00e9s de la Vicefiscal\u00eda Regional de Control Regional- inici\u00f3 la investigaci\u00f3n correspondiente, logrando aprehender y presentar al imputado ante el Juez de Control.<\/p>\n<p style=\"font-weight: 400; text-align: justify;\">En audiencia y tras validar los datos de prueba proporcionados, el Juez en turno determin\u00f3 vincular a proceso a C. C. M., e impuso la medida cautelar de prisi\u00f3n preventiva y concedi\u00f3 3 meses para el cierre de investigaci\u00f3n complementaria.<\/p>\n<p style=\"font-weight: 400; text-align: justify;\">En otro hecho, por el delito de violencia familiar cometido en San Pedro Mixtepec, la FGEO -a trav\u00e9s de la Vicefiscal\u00eda Regional de la Costa- obtuvo auto de vinculaci\u00f3n a proceso y otorg\u00f3 un mes para el cierre de investigaci\u00f3n contra el masculino R. S. P., quien probablemente agredi\u00f3 de forma verbal y amenaz\u00f3 con agredir sexualmente a la v\u00edctima M. V. A.<\/p>\n<p style=\"font-weight: 400; text-align: justify;\">Hechos asentados en la causa penal 72\/2022. Por lo que el Juez otorg\u00f3 medidas cautelares a favor de la v\u00edctima.<\/p>\n<p style=\"font-weight: 400; text-align: justify;\">A trav\u00e9s de estas acciones, la Fiscal\u00eda General refrenda su compromiso de no permitir que actos que atenten contra la integridad de mujeres, ni\u00f1as, ni\u00f1os y adolescentes queden impunes, presentando ante la justicia y aplicando la Ley sin distingo a quien resulte responsable.<\/p>\n","protected":false},"author":1,"featured_media":3175,"comment_status":"closed","ping_status":"closed","template":"","tags":[],"categoria_noticias":[],"class_list":["post-14950","noticias","type-noticias","status-publish","has-post-thumbnail","hentry"],"acf":[],"mb":[],"mfb_rest_fields":["title","gutenberg_elementor_mode"],"_links":{"self":[{"href":"https:\/\/portal.fgeo.gob.mx\/index.php\/wp-json\/wp\/v2\/noticias\/14950","targetHints":{"allow":["GET"]}}],"collection":[{"href":"https:\/\/portal.fgeo.gob.mx\/index.php\/wp-json\/wp\/v2\/noticias"}],"about":[{"href":"https:\/\/portal.fgeo.gob.mx\/index.php\/wp-json\/wp\/v2\/types\/noticias"}],"author":[{"embeddable":true,"href":"https:\/\/portal.fgeo.gob.mx\/index.php\/wp-json\/wp\/v2\/users\/1"}],"replies":[{"embeddable":true,"href":"https:\/\/portal.fgeo.gob.mx\/index.php\/wp-json\/wp\/v2\/comments?post=14950"}],"wp:featuredmedia":[{"embeddable":true,"href":"https:\/\/portal.fgeo.gob.mx\/index.php\/wp-json\/"}],"wp:attachment":[{"href":"https:\/\/portal.fgeo.gob.mx\/index.php\/wp-json\/wp\/v2\/media?parent=14950"}],"wp:term":[{"taxonomy":"post_tag","embeddable":true,"href":"https:\/\/portal.fgeo.gob.mx\/index.php\/wp-json\/wp\/v2\/tags?post=14950"},{"taxonomy":"categoria_noticias","embeddable":true,"href":"https:\/\/portal.fgeo.gob.mx\/index.php\/wp-json\/wp\/v2\/categoria_noticias?post=14950"}],"curies":[{"name":"wp","href":"https:\/\/api.w.org\/{rel}","templated":true}]}}