{"id":14946,"date":"2022-03-03T22:10:33","date_gmt":"2022-03-04T04:10:33","guid":{"rendered":"http:\/\/fge.oaxaca.gob.mx\/?post_type=noticias&amp;p=4087"},"modified":"2022-03-03T22:10:33","modified_gmt":"2022-03-04T04:10:33","slug":"logramos-dos-sentencias-condenatorias-por-homicidios-cometidos-en-la-cuenca-uno-de-ellos-catalogado-como-crimen-de-odio","status":"publish","type":"noticias","link":"https:\/\/portal.fgeo.gob.mx\/index.php\/archivos\/noticias\/logramos-dos-sentencias-condenatorias-por-homicidios-cometidos-en-la-cuenca-uno-de-ellos-catalogado-como-crimen-de-odio","title":{"rendered":"Logramos dos sentencias condenatorias por homicidios cometidos en la Cuenca; uno de ellos catalogado como crimen de odio"},"content":{"rendered":"<p style=\"font-weight: 400; text-align: justify;\"><strong>Oaxaca de Ju\u00e1rez, Oax., 3 de marzo de 2022.-\u00a0<\/strong>En puntual seguimiento a delitos de alto impacto en las regiones, la Fiscal\u00eda General del Estado de Oaxaca (FGEO) obtuvo, del Tribunal de Enjuiciamiento, sentencia condenatoria de 12 a\u00f1os de prisi\u00f3n contra la persona del sexo masculino identificada como A. S. S., responsable del delito de homicidio en agravio de una mujer trans -de identidad reservada-, cometido en jurisdicci\u00f3n de San Miguel Soyaltepec, en la regi\u00f3n de la Cuenca.<\/p>\n<p style=\"font-weight: 400; text-align: justify;\">De acuerdo con los hechos asentados en la causa penal 155\/2021, la noche del 16 de mayo de 2021, el imputado agredi\u00f3 con un objeto corto contundente -machete- a la v\u00edctima, ocasion\u00e1ndole lesiones que le causaron la muerte, ataque ocurrido cuando se encontraba en inmediaciones de su domicilio particular, ubicado en el referido municipio.<\/p>\n<p style=\"font-weight: 400; text-align: justify;\">Por otro hecho distinto suscitado en San Juan Bautista Tuxtepec, el Tribunal de Enjuiciamiento dict\u00f3 sentencia condenatoria de 12 a\u00f1os de prisi\u00f3n e impuso el pago de m\u00e1s de 430 mil pesos por concepto de reparaci\u00f3n del da\u00f1o contra la mujer A. R. M. y el masculino G. S. M., quienes el 2 de febrero de 2020 privaron de la vida con un objeto cortante a la v\u00edctima J. A. E.; hechos asentados en la causa penal 95\/2020.<\/p>\n<p style=\"font-weight: 400; text-align: justify;\">El seguimiento e investigaci\u00f3n de ambos casos corri\u00f3 a cargo de la Vicefiscal\u00eda Regional de la Cuenca.<\/p>\n<p style=\"font-weight: 400; text-align: justify;\">La Fiscal\u00eda General expresa su convicci\u00f3n de hacer cumplir la ley y reitera su compromiso con la comunidad LGBTTTIQ+ de no permitir que ataques como estos queden en la impunidad.<\/p>\n","protected":false},"author":1,"featured_media":3175,"comment_status":"closed","ping_status":"closed","template":"","tags":[],"categoria_noticias":[],"class_list":["post-14946","noticias","type-noticias","status-publish","has-post-thumbnail","hentry"],"acf":[],"mb":[],"mfb_rest_fields":["title","gutenberg_elementor_mode"],"_links":{"self":[{"href":"https:\/\/portal.fgeo.gob.mx\/index.php\/wp-json\/wp\/v2\/noticias\/14946","targetHints":{"allow":["GET"]}}],"collection":[{"href":"https:\/\/portal.fgeo.gob.mx\/index.php\/wp-json\/wp\/v2\/noticias"}],"about":[{"href":"https:\/\/portal.fgeo.gob.mx\/index.php\/wp-json\/wp\/v2\/types\/noticias"}],"author":[{"embeddable":true,"href":"https:\/\/portal.fgeo.gob.mx\/index.php\/wp-json\/wp\/v2\/users\/1"}],"replies":[{"embeddable":true,"href":"https:\/\/portal.fgeo.gob.mx\/index.php\/wp-json\/wp\/v2\/comments?post=14946"}],"wp:featuredmedia":[{"embeddable":true,"href":"https:\/\/portal.fgeo.gob.mx\/index.php\/wp-json\/"}],"wp:attachment":[{"href":"https:\/\/portal.fgeo.gob.mx\/index.php\/wp-json\/wp\/v2\/media?parent=14946"}],"wp:term":[{"taxonomy":"post_tag","embeddable":true,"href":"https:\/\/portal.fgeo.gob.mx\/index.php\/wp-json\/wp\/v2\/tags?post=14946"},{"taxonomy":"categoria_noticias","embeddable":true,"href":"https:\/\/portal.fgeo.gob.mx\/index.php\/wp-json\/wp\/v2\/categoria_noticias?post=14946"}],"curies":[{"name":"wp","href":"https:\/\/api.w.org\/{rel}","templated":true}]}}