{"id":14945,"date":"2022-03-03T15:17:52","date_gmt":"2022-03-03T21:17:52","guid":{"rendered":"http:\/\/fge.oaxaca.gob.mx\/?post_type=noticias&amp;p=4086"},"modified":"2022-03-03T15:17:52","modified_gmt":"2022-03-03T21:17:52","slug":"fiscalia-general-rescata-a-dos-menores-de-edad-que-habian-sido-victimas-de-secuestro-en-la-cuenca","status":"publish","type":"noticias","link":"https:\/\/portal.fgeo.gob.mx\/index.php\/archivos\/noticias\/fiscalia-general-rescata-a-dos-menores-de-edad-que-habian-sido-victimas-de-secuestro-en-la-cuenca","title":{"rendered":"Fiscal\u00eda General rescata a dos menores de edad que hab\u00edan sido v\u00edctimas de secuestro en la Cuenca"},"content":{"rendered":"<ul>\n<li style=\"font-weight: 400; text-align: justify;\">La oportuna intervenci\u00f3n de la FGEO permiti\u00f3 el rescate de los menores en la zona lim\u00edtrofe con Veracruz. Ya fueron presentados ante el Agente del Ministerio P\u00fablico.<\/li>\n<\/ul>\n<p style=\"font-weight: 400; text-align: justify;\"><strong>Oaxaca de Ju\u00e1rez, Oax., 3 de marzo de 2022.-\u00a0<\/strong>Tras una importante acci\u00f3n llevada a cabo por personal de la Vicefiscal\u00eda Regional de la Cuenca y de la Agencia Estatal de Investigaciones (AEI), la Fiscal\u00eda General del Estado de Oaxaca (FGEO) logr\u00f3 el rescate y aseguramiento de dos menores de edad v\u00edctimas de secuestro.<\/p>\n<p style=\"font-weight: 400; text-align: justify;\">De acuerdo con la carpeta de investigaci\u00f3n 5851\/FCUE\/TUXTEPEC\/2022, el 16 de febrero del a\u00f1o en curso, cuando los menores de edad viajaban en un autob\u00fas en inmediaciones de los l\u00edmites entre los estados de Oaxaca y Veracruz, contactaron v\u00eda telef\u00f3nica a sus familiares y les informaron que hab\u00edan sido plagiados.<\/p>\n<p style=\"font-weight: 400; text-align: justify;\">Ante este hecho, la Instituci\u00f3n de procuraci\u00f3n de justicia atrajo la investigaci\u00f3n, iniciando las labores de inteligencia necesarias que permitieran ubicar el paradero de las v\u00edctimas. Finalmente, tras una ardua labor, el pasado 2 de marzo del a\u00f1o en curso se logr\u00f3 el rescate de ambos menores de edad en el municipio de Loma Bonita, quienes se encuentran en buenas condiciones.<\/p>\n<p style=\"font-weight: 400; text-align: justify;\">Las v\u00edctimas que son menores de edad fueron presentadas ante el Agente del Ministerio P\u00fablico de Alto Impacto, a fin de continuar recabando informaci\u00f3n que permita reforzar la teor\u00eda del caso y dar con la identidad de los responsables de este delito de lesa humanidad.<\/p>\n<p style=\"font-weight: 400; text-align: justify;\">El combate al secuestro es un compromiso ineludible para la Fiscal\u00eda General y se actuar\u00e1 con firmeza contra quienes resulten responsables.<\/p>\n","protected":false},"author":1,"featured_media":3175,"comment_status":"closed","ping_status":"closed","template":"","tags":[],"categoria_noticias":[],"class_list":["post-14945","noticias","type-noticias","status-publish","has-post-thumbnail","hentry"],"acf":[],"mb":[],"mfb_rest_fields":["title","gutenberg_elementor_mode"],"_links":{"self":[{"href":"https:\/\/portal.fgeo.gob.mx\/index.php\/wp-json\/wp\/v2\/noticias\/14945","targetHints":{"allow":["GET"]}}],"collection":[{"href":"https:\/\/portal.fgeo.gob.mx\/index.php\/wp-json\/wp\/v2\/noticias"}],"about":[{"href":"https:\/\/portal.fgeo.gob.mx\/index.php\/wp-json\/wp\/v2\/types\/noticias"}],"author":[{"embeddable":true,"href":"https:\/\/portal.fgeo.gob.mx\/index.php\/wp-json\/wp\/v2\/users\/1"}],"replies":[{"embeddable":true,"href":"https:\/\/portal.fgeo.gob.mx\/index.php\/wp-json\/wp\/v2\/comments?post=14945"}],"wp:featuredmedia":[{"embeddable":true,"href":"https:\/\/portal.fgeo.gob.mx\/index.php\/wp-json\/"}],"wp:attachment":[{"href":"https:\/\/portal.fgeo.gob.mx\/index.php\/wp-json\/wp\/v2\/media?parent=14945"}],"wp:term":[{"taxonomy":"post_tag","embeddable":true,"href":"https:\/\/portal.fgeo.gob.mx\/index.php\/wp-json\/wp\/v2\/tags?post=14945"},{"taxonomy":"categoria_noticias","embeddable":true,"href":"https:\/\/portal.fgeo.gob.mx\/index.php\/wp-json\/wp\/v2\/categoria_noticias?post=14945"}],"curies":[{"name":"wp","href":"https:\/\/api.w.org\/{rel}","templated":true}]}}