{"id":14944,"date":"2022-03-03T15:17:32","date_gmt":"2022-03-03T21:17:32","guid":{"rendered":"http:\/\/fge.oaxaca.gob.mx\/?post_type=noticias&amp;p=4085"},"modified":"2022-03-03T15:17:32","modified_gmt":"2022-03-03T21:17:32","slug":"logra-fgeo-auto-de-vinculacion-a-proceso-contra-probable-agresor-sexual-de-una-menor-de-edad-en-oaxaca-de-juarez","status":"publish","type":"noticias","link":"https:\/\/portal.fgeo.gob.mx\/index.php\/archivos\/noticias\/logra-fgeo-auto-de-vinculacion-a-proceso-contra-probable-agresor-sexual-de-una-menor-de-edad-en-oaxaca-de-juarez","title":{"rendered":"Logra FGEO auto de vinculaci\u00f3n a proceso contra probable agresor sexual de una menor de edad, en Oaxaca de Ju\u00e1rez"},"content":{"rendered":"<ul>\n<li style=\"font-weight: 400; text-align: justify;\">En otro hecho distinto suscitado en la Costa oaxaque\u00f1a, elementos de la AEI aprehendieron a otro probable agresor sexual, quien fue presentado ante Juez.<\/li>\n<\/ul>\n<p style=\"font-weight: 400; text-align: justify;\"><strong>Oaxaca de Ju\u00e1rez, Oax., 3 de marzo de 2022.-<\/strong>\u00a0La Fiscal\u00eda General del Estado de Oaxaca (FGEO) obtuvo auto de vinculaci\u00f3n a proceso contra la persona del sexo masculino identificado como L. T. B. P. o L. B. P., probable responsable del delito de abuso sexual infantil agravado en contra de una menor de edad, cometido en la Ciudad de Oaxaca de Ju\u00e1rez, en la regi\u00f3n de Valles Centrales.<\/p>\n<p style=\"font-weight: 400; text-align: justify;\">De acuerdo con la causa penal 266\/2021, el 26 de agosto de 2020, el imputado probablemente cometi\u00f3 actos lascivos contra la menor de edad cuando se encontraba en un domicilio particular ubicado en la colonia 7 Regiones de la capital oaxaque\u00f1a.<\/p>\n<p style=\"font-weight: 400; text-align: justify;\">Luego de la denuncia presentada por familiares de la v\u00edctima, la Instituci\u00f3n de procuraci\u00f3n de justicia inici\u00f3 las investigaciones correspondientes -a trav\u00e9s de la Fiscal\u00eda Especializada en Atenci\u00f3n a Delitos contra la Mujer por Raz\u00f3n de G\u00e9nero-, logrando aprehender al probable responsable, quien fue presentado ante el Juez de la causa.<\/p>\n<p style=\"font-weight: 400; text-align: justify;\">En audiencia, el Juez en turno determin\u00f3 vincular a proceso a L. T. B. P. o L. B. P., imponiendo la medida cautelar de prisi\u00f3n preventiva y otorg\u00f3 dos meses para el cierre de investigaci\u00f3n complementaria.<\/p>\n<p style=\"font-weight: 400; text-align: justify;\">En otro hecho distinto suscitado en la Costa oaxaque\u00f1a, elementos de la Agencia Estatal de Investigaciones (AEI) dieron cumplimiento a la orden de aprehensi\u00f3n -asentada en la causa penal 103\/2022- contra el masculino B. H. R., probable responsable del delito de equiparado a la violaci\u00f3n, en agravio de una menor de edad, cometido en jurisdicci\u00f3n de Santa Mar\u00eda Tonameca.<\/p>\n<p style=\"font-weight: 400; text-align: justify;\">El probable responsable se acogi\u00f3 al t\u00e9rmino constitucional, quedando en tanto en prisi\u00f3n preventiva de manera provisional.<\/p>\n<p style=\"font-weight: 400; text-align: justify;\">En delitos sexuales, la Fiscal\u00eda General garantiza justicia plena a v\u00edctimas de delitos, combatiendo la impunidad.<\/p>\n","protected":false},"author":1,"featured_media":3175,"comment_status":"closed","ping_status":"closed","template":"","tags":[],"categoria_noticias":[],"class_list":["post-14944","noticias","type-noticias","status-publish","has-post-thumbnail","hentry"],"acf":[],"mb":[],"mfb_rest_fields":["title","gutenberg_elementor_mode"],"_links":{"self":[{"href":"https:\/\/portal.fgeo.gob.mx\/index.php\/wp-json\/wp\/v2\/noticias\/14944","targetHints":{"allow":["GET"]}}],"collection":[{"href":"https:\/\/portal.fgeo.gob.mx\/index.php\/wp-json\/wp\/v2\/noticias"}],"about":[{"href":"https:\/\/portal.fgeo.gob.mx\/index.php\/wp-json\/wp\/v2\/types\/noticias"}],"author":[{"embeddable":true,"href":"https:\/\/portal.fgeo.gob.mx\/index.php\/wp-json\/wp\/v2\/users\/1"}],"replies":[{"embeddable":true,"href":"https:\/\/portal.fgeo.gob.mx\/index.php\/wp-json\/wp\/v2\/comments?post=14944"}],"wp:featuredmedia":[{"embeddable":true,"href":"https:\/\/portal.fgeo.gob.mx\/index.php\/wp-json\/"}],"wp:attachment":[{"href":"https:\/\/portal.fgeo.gob.mx\/index.php\/wp-json\/wp\/v2\/media?parent=14944"}],"wp:term":[{"taxonomy":"post_tag","embeddable":true,"href":"https:\/\/portal.fgeo.gob.mx\/index.php\/wp-json\/wp\/v2\/tags?post=14944"},{"taxonomy":"categoria_noticias","embeddable":true,"href":"https:\/\/portal.fgeo.gob.mx\/index.php\/wp-json\/wp\/v2\/categoria_noticias?post=14944"}],"curies":[{"name":"wp","href":"https:\/\/api.w.org\/{rel}","templated":true}]}}