{"id":14941,"date":"2022-03-03T11:27:09","date_gmt":"2022-03-03T17:27:09","guid":{"rendered":"http:\/\/fge.oaxaca.gob.mx\/?post_type=noticias&amp;p=4082"},"modified":"2022-03-03T11:27:09","modified_gmt":"2022-03-03T17:27:09","slug":"intervencion-de-la-fiscalia-general-logra-vincular-a-proceso-a-probable-agresor-sexual-de-una-mujer-en-la-canada","status":"publish","type":"noticias","link":"https:\/\/portal.fgeo.gob.mx\/index.php\/archivos\/noticias\/intervencion-de-la-fiscalia-general-logra-vincular-a-proceso-a-probable-agresor-sexual-de-una-mujer-en-la-canada","title":{"rendered":"Intervenci\u00f3n de la Fiscal\u00eda General logra vincular a proceso a probable agresor sexual de una mujer en la Ca\u00f1ada"},"content":{"rendered":"<p style=\"font-weight: 400; text-align: justify;\"><strong>Oaxaca de Ju\u00e1rez, Oax., 3 de marzo de 2022.-<\/strong>\u00a0La comprometida labor de investigaci\u00f3n y seguimiento de casos de violencia sexual de la Fiscal\u00eda General del Estado de Oaxaca (FGEO) obtuvo auto de vinculaci\u00f3n a proceso contra la persona del sexo masculino identificada como A. G. C., probable responsable del delito de violaci\u00f3n agravada en contra de la mujer identificada como G. C. R., cometido en jurisdicci\u00f3n de Santa Mar\u00eda Tecomacava, Distrito de Teotitl\u00e1n, en la regi\u00f3n de la Ca\u00f1ada.<\/p>\n<p style=\"font-weight: 400; text-align: justify;\">De acuerdo con la causa penal 02\/2022, el imputado probablemente agredi\u00f3 de manera f\u00edsica y sexual a la v\u00edctima (concubina) cuando se encontraban en su domicilio particular, ubicado en el referido municipio.<\/p>\n<p style=\"font-weight: 400; text-align: justify;\">Ante este hecho, la Instituci\u00f3n de procuraci\u00f3n de justicia inici\u00f3 una exhaustiva investigaci\u00f3n -a trav\u00e9s de la Vicefiscal\u00eda General de Control Regional-, logrando identificar, aprehender y presentar al imputado ante el Juzgado de Control.<\/p>\n<p style=\"font-weight: 400; text-align: justify;\">En audiencia y tras validar los datos de prueba proporcionados por la FGEO, el Juez en turno determin\u00f3 vincular a proceso a A. G. C., imponiendo la medida cautelar de prisi\u00f3n preventiva oficiosa y otorg\u00f3 30 d\u00edas para el cierre de investigaci\u00f3n complementaria.<\/p>\n<p style=\"font-weight: 400; text-align: justify;\">La Fiscal\u00eda General reitera en los hechos su compromiso de llevar ante la justicia a todo aquel que vulnere los derechos y la integridad de ni\u00f1as, ni\u00f1os, adolescentes y mujeres.<\/p>\n","protected":false},"author":1,"featured_media":3175,"comment_status":"closed","ping_status":"closed","template":"","tags":[],"categoria_noticias":[],"class_list":["post-14941","noticias","type-noticias","status-publish","has-post-thumbnail","hentry"],"acf":[],"mb":[],"mfb_rest_fields":["title","gutenberg_elementor_mode"],"_links":{"self":[{"href":"https:\/\/portal.fgeo.gob.mx\/index.php\/wp-json\/wp\/v2\/noticias\/14941","targetHints":{"allow":["GET"]}}],"collection":[{"href":"https:\/\/portal.fgeo.gob.mx\/index.php\/wp-json\/wp\/v2\/noticias"}],"about":[{"href":"https:\/\/portal.fgeo.gob.mx\/index.php\/wp-json\/wp\/v2\/types\/noticias"}],"author":[{"embeddable":true,"href":"https:\/\/portal.fgeo.gob.mx\/index.php\/wp-json\/wp\/v2\/users\/1"}],"replies":[{"embeddable":true,"href":"https:\/\/portal.fgeo.gob.mx\/index.php\/wp-json\/wp\/v2\/comments?post=14941"}],"wp:featuredmedia":[{"embeddable":true,"href":"https:\/\/portal.fgeo.gob.mx\/index.php\/wp-json\/"}],"wp:attachment":[{"href":"https:\/\/portal.fgeo.gob.mx\/index.php\/wp-json\/wp\/v2\/media?parent=14941"}],"wp:term":[{"taxonomy":"post_tag","embeddable":true,"href":"https:\/\/portal.fgeo.gob.mx\/index.php\/wp-json\/wp\/v2\/tags?post=14941"},{"taxonomy":"categoria_noticias","embeddable":true,"href":"https:\/\/portal.fgeo.gob.mx\/index.php\/wp-json\/wp\/v2\/categoria_noticias?post=14941"}],"curies":[{"name":"wp","href":"https:\/\/api.w.org\/{rel}","templated":true}]}}