{"id":14940,"date":"2022-03-02T17:27:33","date_gmt":"2022-03-02T23:27:33","guid":{"rendered":"http:\/\/fge.oaxaca.gob.mx\/?post_type=noticias&amp;p=4081"},"modified":"2022-03-02T17:27:33","modified_gmt":"2022-03-02T23:27:33","slug":"fiscalia-de-oaxaca-ejecuta-orden-de-aprehension-a-probable-operador-criminal-objetivo-prioritario-en-la-region-del-istmo","status":"publish","type":"noticias","link":"https:\/\/portal.fgeo.gob.mx\/index.php\/archivos\/noticias\/fiscalia-de-oaxaca-ejecuta-orden-de-aprehension-a-probable-operador-criminal-objetivo-prioritario-en-la-region-del-istmo","title":{"rendered":"Fiscal\u00eda de Oaxaca ejecuta orden de aprehensi\u00f3n a probable operador criminal, objetivo prioritario en la regi\u00f3n del Istmo"},"content":{"rendered":"<ul>\n<li style=\"font-weight: 400; text-align: justify;\">J. A. G., alias \u201cTio Chu\u201d o \u201cChumeca\u201d , fue trasladado al penal varonil de Tanivet. Ser\u00eda uno de los principales generadores de violencia en esa regi\u00f3n.<\/li>\n<\/ul>\n<p style=\"font-weight: 400; text-align: justify;\"><strong>Oaxaca de Ju\u00e1rez, Oax., 2 de marzo de 2022.-\u00a0<\/strong>La Fiscal\u00eda General del Estado de Oaxaca (FGEO) present\u00f3 ante el Juzgado de Control a una persona del sexo masculino identificada como J. A. G., alias \u201cT\u00edo Chu\u201d o \u201cChumeca\u201d, probable responsable del delito desaparici\u00f3n de personas cometido por particulares, en agravio de N. D. V. D., cometido en agosto de 2019, en San Francisco Ixhuat\u00e1n, regi\u00f3n del Istmo.<\/p>\n<p style=\"font-weight: 400; text-align: justify;\">El probable responsable fue aprehendido en el marco de operativos de seguridad realizados en el municipio de San Pedro Tapanatepec por elementos de la Secretar\u00eda de la Defensa Nacional (SEDENA), Guardia Nacional (GN), Secretar\u00eda de Marina (Semar), Polic\u00eda Estatal de la Secretar\u00eda de Seguridad P\u00fablica de Oaxaca (SSPO), Agencia Estatal de Investigaciones (AEI) y por elementos de la Fuerza Especial de Reacci\u00f3n Inmediata (FERI).<\/p>\n<p style=\"font-weight: 400; text-align: justify;\">Cabe mencionar, que las autoridades identificaron al imputado cuando viajaba a bordo de una motocicleta y al tratar de emprender la huida, los elementos de seguridad le dieron alcance.<\/p>\n<p style=\"font-weight: 400; text-align: justify;\">De acuerdo con la carpeta de investigaci\u00f3n 29020\/FEDH\/FDTE\/2019, el 21 de agosto de 2019, el imputado probablemente priv\u00f3 de la libertad a la v\u00edctima N. D. V. D. Posteriormente subi\u00f3 a una camioneta a la v\u00edctima, llev\u00e1ndoselo con rumbo desconocido y a partir de esa fecha, se desconoce de su paradero.<\/p>\n<p style=\"font-weight: 400; text-align: justify;\">Ante estos hechos, la instituci\u00f3n de procuraci\u00f3n de justicia present\u00f3 al imputado J. A. G., ante el Juzgado de Control, cuya situaci\u00f3n jur\u00eddica se resolver\u00e1 en las pr\u00f3ximas horas.<\/p>\n<p style=\"font-weight: 400; text-align: justify;\">Es importante mencionar que el imputado, podr\u00eda tratarse de un objetivo prioritario pues hay indicios de su probable participaci\u00f3n en actividades il\u00edcitas como operador de una organizaci\u00f3n criminal que opera en la regi\u00f3n del Istmo y es se\u00f1alado de la comisi\u00f3n de delitos de alto impacto.<\/p>\n<p style=\"font-weight: 400; text-align: justify;\">La Fiscal\u00eda General refrenda su compromiso de garantizar justicia a v\u00edctimas de delitos, aplicando todo el rigor de la Ley a quienes resulten responsables.<\/p>\n","protected":false},"author":1,"featured_media":3175,"comment_status":"closed","ping_status":"closed","template":"","tags":[],"categoria_noticias":[],"class_list":["post-14940","noticias","type-noticias","status-publish","has-post-thumbnail","hentry"],"acf":[],"mb":[],"mfb_rest_fields":["title","gutenberg_elementor_mode"],"_links":{"self":[{"href":"https:\/\/portal.fgeo.gob.mx\/index.php\/wp-json\/wp\/v2\/noticias\/14940","targetHints":{"allow":["GET"]}}],"collection":[{"href":"https:\/\/portal.fgeo.gob.mx\/index.php\/wp-json\/wp\/v2\/noticias"}],"about":[{"href":"https:\/\/portal.fgeo.gob.mx\/index.php\/wp-json\/wp\/v2\/types\/noticias"}],"author":[{"embeddable":true,"href":"https:\/\/portal.fgeo.gob.mx\/index.php\/wp-json\/wp\/v2\/users\/1"}],"replies":[{"embeddable":true,"href":"https:\/\/portal.fgeo.gob.mx\/index.php\/wp-json\/wp\/v2\/comments?post=14940"}],"wp:featuredmedia":[{"embeddable":true,"href":"https:\/\/portal.fgeo.gob.mx\/index.php\/wp-json\/"}],"wp:attachment":[{"href":"https:\/\/portal.fgeo.gob.mx\/index.php\/wp-json\/wp\/v2\/media?parent=14940"}],"wp:term":[{"taxonomy":"post_tag","embeddable":true,"href":"https:\/\/portal.fgeo.gob.mx\/index.php\/wp-json\/wp\/v2\/tags?post=14940"},{"taxonomy":"categoria_noticias","embeddable":true,"href":"https:\/\/portal.fgeo.gob.mx\/index.php\/wp-json\/wp\/v2\/categoria_noticias?post=14940"}],"curies":[{"name":"wp","href":"https:\/\/api.w.org\/{rel}","templated":true}]}}