{"id":14938,"date":"2022-03-01T16:25:52","date_gmt":"2022-03-01T22:25:52","guid":{"rendered":"http:\/\/fge.oaxaca.gob.mx\/?post_type=noticias&amp;p=4079"},"modified":"2022-03-01T16:25:52","modified_gmt":"2022-03-01T22:25:52","slug":"aprehendimos-y-presentamos-ante-juez-a-sujeto-que-intento-privar-de-la-vida-a-un-hombre-en-la-region-de-la-costa","status":"publish","type":"noticias","link":"https:\/\/portal.fgeo.gob.mx\/index.php\/archivos\/noticias\/aprehendimos-y-presentamos-ante-juez-a-sujeto-que-intento-privar-de-la-vida-a-un-hombre-en-la-region-de-la-costa","title":{"rendered":"Aprehendimos y presentamos ante Juez, a sujeto que intent\u00f3 privar de la vida a un hombre en la regi\u00f3n de la Costa"},"content":{"rendered":"<p style=\"font-weight: 400; text-align: justify;\"><strong>Oaxaca de Ju\u00e1rez, Oax., 1 de marzo de 2022.-<\/strong>\u00a0La Fiscal\u00eda General del Estado de Oaxaca (FGEO) logr\u00f3 aprehender y presentar ante Juez a la persona del sexo masculino identificada como G. H. S., probable responsable del delito de homicidio calificado con ventaja en grado de tentativa en contra de S. P. Z., cometido el 19 de febrero de 2022, en la regi\u00f3n de la Costa.<\/p>\n<p style=\"font-weight: 400; text-align: justify;\">El probable responsable fue aprehendido por Agentes Estatales de Investigaci\u00f3n (AEI) quienes lo presentaron de forma inmediata ante la autoridad judicial que lo requiri\u00f3.<\/p>\n<p style=\"font-weight: 400; text-align: justify;\">De acuerdo con la causa penal 110\/2022, el 19 de febrero de 2022, el imputado agredi\u00f3 con un objeto punzocortante (cuchillo) a la v\u00edctima, atentando contra su vida.<\/p>\n<p style=\"font-weight: 400; text-align: justify;\">Ante este hecho violento, la Instituci\u00f3n de procuraci\u00f3n de justicia atrajo la investigaci\u00f3n -a trav\u00e9s de la Vicefiscal\u00eda Regional de la Costa-, logrando aprehender y presentar ante el Juzgado de Control al probable responsable, cuya situaci\u00f3n jur\u00eddica se resolver\u00e1 en las pr\u00f3ximas horas.<\/p>\n<p style=\"font-weight: 400; text-align: justify;\">Garantizar justicia a v\u00edctimas de delitos es una prioridad para la Fiscal\u00eda General, aplicando todo el rigor de la Ley a quienes atenten contra la paz social.<\/p>\n","protected":false},"author":1,"featured_media":3175,"comment_status":"closed","ping_status":"closed","template":"","tags":[],"categoria_noticias":[],"class_list":["post-14938","noticias","type-noticias","status-publish","has-post-thumbnail","hentry"],"acf":[],"mb":[],"mfb_rest_fields":["title","gutenberg_elementor_mode"],"_links":{"self":[{"href":"https:\/\/portal.fgeo.gob.mx\/index.php\/wp-json\/wp\/v2\/noticias\/14938","targetHints":{"allow":["GET"]}}],"collection":[{"href":"https:\/\/portal.fgeo.gob.mx\/index.php\/wp-json\/wp\/v2\/noticias"}],"about":[{"href":"https:\/\/portal.fgeo.gob.mx\/index.php\/wp-json\/wp\/v2\/types\/noticias"}],"author":[{"embeddable":true,"href":"https:\/\/portal.fgeo.gob.mx\/index.php\/wp-json\/wp\/v2\/users\/1"}],"replies":[{"embeddable":true,"href":"https:\/\/portal.fgeo.gob.mx\/index.php\/wp-json\/wp\/v2\/comments?post=14938"}],"wp:featuredmedia":[{"embeddable":true,"href":"https:\/\/portal.fgeo.gob.mx\/index.php\/wp-json\/"}],"wp:attachment":[{"href":"https:\/\/portal.fgeo.gob.mx\/index.php\/wp-json\/wp\/v2\/media?parent=14938"}],"wp:term":[{"taxonomy":"post_tag","embeddable":true,"href":"https:\/\/portal.fgeo.gob.mx\/index.php\/wp-json\/wp\/v2\/tags?post=14938"},{"taxonomy":"categoria_noticias","embeddable":true,"href":"https:\/\/portal.fgeo.gob.mx\/index.php\/wp-json\/wp\/v2\/categoria_noticias?post=14938"}],"curies":[{"name":"wp","href":"https:\/\/api.w.org\/{rel}","templated":true}]}}