{"id":14937,"date":"2022-03-01T16:25:27","date_gmt":"2022-03-01T22:25:27","guid":{"rendered":"http:\/\/fge.oaxaca.gob.mx\/?post_type=noticias&amp;p=4077"},"modified":"2022-03-01T16:25:27","modified_gmt":"2022-03-01T22:25:27","slug":"sin-tregua-a-delitos-de-violencia-familiar-logramos-vincular-a-proceso-a-2-probables-responsables-fgeo","status":"publish","type":"noticias","link":"https:\/\/portal.fgeo.gob.mx\/index.php\/archivos\/noticias\/sin-tregua-a-delitos-de-violencia-familiar-logramos-vincular-a-proceso-a-2-probables-responsables-fgeo","title":{"rendered":"Sin tregua a delitos de violencia familiar, logramos vincular a proceso a 2 probables responsables: FGEO"},"content":{"rendered":"<ul>\n<li style=\"font-weight: 400; text-align: justify;\">En hechos diferentes, fueron vinculados a proceso A. C. R. y A. R. Q, como probables responsables.<\/li>\n<\/ul>\n<p style=\"font-weight: 400; text-align: justify;\"><strong>\u00a0<\/strong><\/p>\n<p style=\"font-weight: 400; text-align: justify;\"><strong>Oaxaca de Ju\u00e1rez, Oax., 1 de marzo de 2022.-<\/strong>\u00a0La Fiscal\u00eda General del Estado de Oaxaca (FGEO) obtuvo, del Juzgado de Control, auto de vinculaci\u00f3n a proceso contra la persona del sexo masculino de nombre A. C. R., probable responsable del delito de violencia familiar en agravio de una mujer identificada como B. C. R. (hermana), cometido en San Sebasti\u00e1n Tutla, en la regi\u00f3n de Valles Centrales.<\/p>\n<p style=\"font-weight: 400; text-align: justify;\">De acuerdo con la causa penal 207\/2022, el 23 de febrero de 2022, el imputado agredi\u00f3 de manera f\u00edsica y verbal a la v\u00edctima cuando se encontraba en un domicilio particular ubicado en inmediaciones del fraccionamiento El Rosario, perteneciente al referido municipio.<\/p>\n<p style=\"font-weight: 400; text-align: justify;\">Ante este hecho, la Instituci\u00f3n de procuraci\u00f3n de justicia atrajo la investigaci\u00f3n &#8211; a trav\u00e9s de la Fiscal\u00eda Especializada en Atenci\u00f3n a Delitos contra la Mujer por Raz\u00f3n de G\u00e9nero -, logrando presentar al imputado ante el Juez de la causa.<\/p>\n<p style=\"font-weight: 400; text-align: justify;\">En audiencia, el Juez en turno determin\u00f3 vincular a proceso a A. C. R., y otorg\u00f3 dos meses para el cierre de investigaci\u00f3n complementaria.<\/p>\n<p style=\"font-weight: 400; text-align: justify;\">En otro hecho, por el delito de violencia familiar cometido en Puerto Escondido, la FGEO -a trav\u00e9s de la Vicefiscal\u00eda Regional de la Costa- obtuvo auto de vinculaci\u00f3n a proceso y otorg\u00f3 un mes para el cierre de investigaci\u00f3n contra el masculino A. R. Q., quien probablemente agredi\u00f3 a la v\u00edctima I. P. T. (concubina) de forma f\u00edsica. Hechos asentados en la causa penal 80\/2022. Por lo que el Juez otorg\u00f3 medidas cautelares a favor de la v\u00edctima.<\/p>\n<p style=\"font-weight: 400; text-align: justify;\">Para la Fiscal\u00eda General del Estado es prioritario presentar ante la justicia y aplicar todo el rigor de la Ley a responsables de delitos que atentan contra la integridad y derechos de mujeres, ni\u00f1as, ni\u00f1os y adolescentes.<\/p>\n","protected":false},"author":1,"featured_media":3175,"comment_status":"closed","ping_status":"closed","template":"","tags":[],"categoria_noticias":[],"class_list":["post-14937","noticias","type-noticias","status-publish","has-post-thumbnail","hentry"],"acf":[],"mb":[],"mfb_rest_fields":["title","gutenberg_elementor_mode"],"_links":{"self":[{"href":"https:\/\/portal.fgeo.gob.mx\/index.php\/wp-json\/wp\/v2\/noticias\/14937","targetHints":{"allow":["GET"]}}],"collection":[{"href":"https:\/\/portal.fgeo.gob.mx\/index.php\/wp-json\/wp\/v2\/noticias"}],"about":[{"href":"https:\/\/portal.fgeo.gob.mx\/index.php\/wp-json\/wp\/v2\/types\/noticias"}],"author":[{"embeddable":true,"href":"https:\/\/portal.fgeo.gob.mx\/index.php\/wp-json\/wp\/v2\/users\/1"}],"replies":[{"embeddable":true,"href":"https:\/\/portal.fgeo.gob.mx\/index.php\/wp-json\/wp\/v2\/comments?post=14937"}],"wp:featuredmedia":[{"embeddable":true,"href":"https:\/\/portal.fgeo.gob.mx\/index.php\/wp-json\/"}],"wp:attachment":[{"href":"https:\/\/portal.fgeo.gob.mx\/index.php\/wp-json\/wp\/v2\/media?parent=14937"}],"wp:term":[{"taxonomy":"post_tag","embeddable":true,"href":"https:\/\/portal.fgeo.gob.mx\/index.php\/wp-json\/wp\/v2\/tags?post=14937"},{"taxonomy":"categoria_noticias","embeddable":true,"href":"https:\/\/portal.fgeo.gob.mx\/index.php\/wp-json\/wp\/v2\/categoria_noticias?post=14937"}],"curies":[{"name":"wp","href":"https:\/\/api.w.org\/{rel}","templated":true}]}}