{"id":14936,"date":"2022-02-28T16:01:38","date_gmt":"2022-02-28T22:01:38","guid":{"rendered":"http:\/\/fge.oaxaca.gob.mx\/?post_type=noticias&amp;p=4076"},"modified":"2022-02-28T16:01:38","modified_gmt":"2022-02-28T22:01:38","slug":"intensifica-fgeo-labor-de-procuracion-de-justicia-en-la-costa-oaxaquena","status":"publish","type":"noticias","link":"https:\/\/portal.fgeo.gob.mx\/index.php\/archivos\/noticias\/intensifica-fgeo-labor-de-procuracion-de-justicia-en-la-costa-oaxaquena","title":{"rendered":"Intensifica FGEO labor de procuraci\u00f3n de justicia en la Costa oaxaque\u00f1a"},"content":{"rendered":"<ul>\n<li style=\"text-align: justify;\">La Fiscal\u00eda General trabaja estrechamente con los tres niveles de gobierno, a fin de garantizar un clima de paz y seguridad en la entidad.<\/li>\n<\/ul>\n<p style=\"text-align: justify;\">\n<p style=\"text-align: justify;\"><strong>Oaxaca de Ju\u00e1rez, Oax., 28 de febrero de 2022.-<\/strong>\u00a0En seguimiento al protocolo de procuraci\u00f3n de justicia y como parte de la estrategia de coordinaci\u00f3n entre el nivel estatal y federal en temas de seguridad implementado en la regi\u00f3n de la Costa oaxaque\u00f1a, la Fiscal\u00eda General del Estado de Oaxaca (FGEO) ha realizado diversas acciones en materia de procuraci\u00f3n de justicia.<\/p>\n<p style=\"text-align: justify;\">\n<p style=\"text-align: justify;\">Dichas acciones han sido implementadas de manera activa y coordinada con elementos de la Secretar\u00eda de Seguridad P\u00fablica de Oaxaca (SSPO), autoridades y polic\u00edas municipales, Guardia Nacional y Secretar\u00eda de la Defensa Nacional (SEDENA), quienes en todo momento han brindado acompa\u00f1amiento en las investigaciones.<\/p>\n<p style=\"text-align: justify;\">\n<p style=\"text-align: justify;\">En primera instancia, la ma\u00f1ana del 25 de febrero, la FGEO coordin\u00f3 y ejecut\u00f3 un cateo en un domicilio ubicado en el barrio La Loma, perteneciente a la localidad de San Miguel Panixtlahuaca, dando cumplimiento a la orden de aprehensi\u00f3n asentada en la causa penal 115\/2022 contra el masculino identificado como C. S. M., probable responsable del delito de feminicidio.<\/p>\n<p style=\"text-align: justify;\">\n<p style=\"text-align: justify;\">El crimen fue cometido la madrugada del 15 de febrero del presente a\u00f1o y el cuerpo de la v\u00edctima fue abandonado en calles de la poblaci\u00f3n antes mencionada.<\/p>\n<p style=\"text-align: justify;\">\n<p style=\"text-align: justify;\">Desde que tuvo conocimiento del caso, la Vicefiscal\u00eda Regional de la Costa intervino, desplegando un equipo multidisciplinario e inici\u00f3 las diligencias correspondientes bajo el Protocolo Ministerial, Policial y Pericial del Delito de Feminicidio en el Estado de Oaxaca, y a trav\u00e9s de Agentes Estatales de Investigaci\u00f3n, Ministerios P\u00fablicos y peritos, realiz\u00f3 las pesquisas que permitieron la captura del imputado.<\/p>\n<p style=\"text-align: justify;\">\n<p style=\"text-align: justify;\">Asimismo, en d\u00edas pasados, la comprometida labor del personal de Alto Impacto dio cumplimiento a la orden de aprehensi\u00f3n asentada en la causa penal 565\/2021 contra el masculino identificado como E. A. A., probable responsable del delito de homicidio calificado en agravio de M. G. y de tentativa de parricidio contra J. A. C., cometido en la localidad de Charco Nduayoo, perteneciente al municipio de Santiago Jamiltepec.<\/p>\n<p style=\"text-align: justify;\">\n<p style=\"text-align: justify;\">\n<p style=\"text-align: justify;\">Respecto a casos de violencia familiar suscitados en Puerto Escondido, la FGEO obtuvo dos autos de vinculaci\u00f3n a proceso y medidas cautelares contra dos probables responsables; el primero de ellos, identificado como A. R. Q, quien el 4 de febrero del a\u00f1o en curso agredi\u00f3 de manera f\u00edsica a su concubina; el segundo, identificado como I. C. C., habr\u00eda agredido de manera verbal a su concubina en noviembre de 2021.<\/p>\n<p style=\"text-align: justify;\">\n<p style=\"text-align: justify;\">En otro hecho distinto suscitado en el Distrito de Juquila y gracias a la labor de investigaci\u00f3n de la FGEO, el Juez en turno determin\u00f3 vincular a proceso y otorg\u00f3 dos meses para el cierre de investigaci\u00f3n complementaria contra el masculino M. F. S. F., por su responsabilidad en el incumplimiento de las obligaciones alimentarias, en agravio de sus tres hijos menores de edad.<\/p>\n<p style=\"text-align: justify;\">\n<p style=\"text-align: justify;\">Con estas acciones, la Fiscal\u00eda General consolida su proceso de reestructuraci\u00f3n, a fin de brindar a las y los oaxaque\u00f1os un clima de paz y seguridad.<\/p>\n","protected":false},"author":1,"featured_media":3175,"comment_status":"closed","ping_status":"closed","template":"","tags":[],"categoria_noticias":[],"class_list":["post-14936","noticias","type-noticias","status-publish","has-post-thumbnail","hentry"],"acf":[],"mb":[],"mfb_rest_fields":["title","gutenberg_elementor_mode"],"_links":{"self":[{"href":"https:\/\/portal.fgeo.gob.mx\/index.php\/wp-json\/wp\/v2\/noticias\/14936","targetHints":{"allow":["GET"]}}],"collection":[{"href":"https:\/\/portal.fgeo.gob.mx\/index.php\/wp-json\/wp\/v2\/noticias"}],"about":[{"href":"https:\/\/portal.fgeo.gob.mx\/index.php\/wp-json\/wp\/v2\/types\/noticias"}],"author":[{"embeddable":true,"href":"https:\/\/portal.fgeo.gob.mx\/index.php\/wp-json\/wp\/v2\/users\/1"}],"replies":[{"embeddable":true,"href":"https:\/\/portal.fgeo.gob.mx\/index.php\/wp-json\/wp\/v2\/comments?post=14936"}],"wp:featuredmedia":[{"embeddable":true,"href":"https:\/\/portal.fgeo.gob.mx\/index.php\/wp-json\/"}],"wp:attachment":[{"href":"https:\/\/portal.fgeo.gob.mx\/index.php\/wp-json\/wp\/v2\/media?parent=14936"}],"wp:term":[{"taxonomy":"post_tag","embeddable":true,"href":"https:\/\/portal.fgeo.gob.mx\/index.php\/wp-json\/wp\/v2\/tags?post=14936"},{"taxonomy":"categoria_noticias","embeddable":true,"href":"https:\/\/portal.fgeo.gob.mx\/index.php\/wp-json\/wp\/v2\/categoria_noticias?post=14936"}],"curies":[{"name":"wp","href":"https:\/\/api.w.org\/{rel}","templated":true}]}}