{"id":14934,"date":"2022-02-28T12:19:41","date_gmt":"2022-02-28T18:19:41","guid":{"rendered":"http:\/\/fge.oaxaca.gob.mx\/?post_type=noticias&amp;p=4074"},"modified":"2022-02-28T12:19:41","modified_gmt":"2022-02-28T18:19:41","slug":"por-los-delitos-de-homicidio-y-tentativa-de-homicidio-cometido-en-distrito-de-miahuatlan-obtuvimos-vinculacion-a-proceso-contra-probable-responsable","status":"publish","type":"noticias","link":"https:\/\/portal.fgeo.gob.mx\/index.php\/archivos\/noticias\/por-los-delitos-de-homicidio-y-tentativa-de-homicidio-cometido-en-distrito-de-miahuatlan-obtuvimos-vinculacion-a-proceso-contra-probable-responsable","title":{"rendered":"Por los delitos de homicidio y tentativa de homicidio cometido en Distrito de Miahuatl\u00e1n, obtuvimos vinculaci\u00f3n a proceso contra probable responsable"},"content":{"rendered":"<p style=\"font-weight: 400; text-align: justify;\"><strong>Oaxaca de Ju\u00e1rez, Oax., 28 de febrero de 2022.-\u00a0<\/strong>La Fiscal\u00eda General del Estado de Oaxaca (FGEO) obtuvo, del Juzgado de Control, auto de vinculaci\u00f3n a proceso contra la persona del sexo masculino identificada como J. Z. M., probable responsable de los delitos de homicidio calificado con ventaja, en agravio de quien en vida respondi\u00f3 al nombre de L. R. y de homicidio calificado en grado de tentativa en contra de A. Z., cometido en jurisdicci\u00f3n de San Marcial Ozolotepec, en el Distrito de Miahuatl\u00e1n.<\/p>\n<p style=\"font-weight: 400; text-align: justify;\">De acuerdo con la causa penal 1272022, el 9 de enero de 2022, el imputado probablemente agredi\u00f3 con un arma blanca a las v\u00edctimas, ocasion\u00e1ndole la muerte a L. R. y lesion\u00f3 de gravedad a A. Z., cuando se encontraban en la rancher\u00eda Lachihuiza, perteneciente al referido municipio.<\/p>\n<p style=\"font-weight: 400; text-align: justify;\">Ante este crimen, la Fiscal\u00eda General inici\u00f3 la investigaci\u00f3n correspondiente, logrando identificar y ejecutar orden de aprehensi\u00f3n contra el probable agresor, quien fue presentado ante la autoridad judicial que lo requiri\u00f3.<\/p>\n<p style=\"font-weight: 400; text-align: justify;\">En audiencia y tras acreditar los datos proporcionados por la Vicefiscal\u00eda General de Control Regional, el Juez en turno determin\u00f3 vincularlo a proceso, imponi\u00e9ndole la medida cautelar de prisi\u00f3n preventiva oficiosa y otorg\u00f3 4 meses para el cierre de investigaci\u00f3n complementaria.<\/p>\n<p style=\"font-weight: 400; text-align: justify;\">La Fiscal\u00eda General garantiza justicia plena a v\u00edctimas directas e indirectas de delitos, aplicando todo el rigor de la Ley a quienes resulten responsables.<\/p>\n","protected":false},"author":1,"featured_media":3175,"comment_status":"closed","ping_status":"closed","template":"","tags":[],"categoria_noticias":[],"class_list":["post-14934","noticias","type-noticias","status-publish","has-post-thumbnail","hentry"],"acf":[],"mb":[],"mfb_rest_fields":["title","gutenberg_elementor_mode"],"_links":{"self":[{"href":"https:\/\/portal.fgeo.gob.mx\/index.php\/wp-json\/wp\/v2\/noticias\/14934","targetHints":{"allow":["GET"]}}],"collection":[{"href":"https:\/\/portal.fgeo.gob.mx\/index.php\/wp-json\/wp\/v2\/noticias"}],"about":[{"href":"https:\/\/portal.fgeo.gob.mx\/index.php\/wp-json\/wp\/v2\/types\/noticias"}],"author":[{"embeddable":true,"href":"https:\/\/portal.fgeo.gob.mx\/index.php\/wp-json\/wp\/v2\/users\/1"}],"replies":[{"embeddable":true,"href":"https:\/\/portal.fgeo.gob.mx\/index.php\/wp-json\/wp\/v2\/comments?post=14934"}],"wp:featuredmedia":[{"embeddable":true,"href":"https:\/\/portal.fgeo.gob.mx\/index.php\/wp-json\/"}],"wp:attachment":[{"href":"https:\/\/portal.fgeo.gob.mx\/index.php\/wp-json\/wp\/v2\/media?parent=14934"}],"wp:term":[{"taxonomy":"post_tag","embeddable":true,"href":"https:\/\/portal.fgeo.gob.mx\/index.php\/wp-json\/wp\/v2\/tags?post=14934"},{"taxonomy":"categoria_noticias","embeddable":true,"href":"https:\/\/portal.fgeo.gob.mx\/index.php\/wp-json\/wp\/v2\/categoria_noticias?post=14934"}],"curies":[{"name":"wp","href":"https:\/\/api.w.org\/{rel}","templated":true}]}}