{"id":14933,"date":"2022-02-28T11:39:13","date_gmt":"2022-02-28T17:39:13","guid":{"rendered":"http:\/\/fge.oaxaca.gob.mx\/?post_type=noticias&amp;p=4073"},"modified":"2022-02-28T11:39:13","modified_gmt":"2022-02-28T17:39:13","slug":"presentamos-ante-juez-y-logramos-prision-preventiva-contra-probable-responsable-de-atropellar-a-adolescente","status":"publish","type":"noticias","link":"https:\/\/portal.fgeo.gob.mx\/index.php\/archivos\/noticias\/presentamos-ante-juez-y-logramos-prision-preventiva-contra-probable-responsable-de-atropellar-a-adolescente","title":{"rendered":"Presentamos ante Juez y logramos prisi\u00f3n preventiva contra probable responsable de atropellar a adolescente"},"content":{"rendered":"<p style=\"font-weight: 400; text-align: justify;\"><strong>Oaxaca de Ju\u00e1rez, Oax., 28 de febrero de 2022.-\u00a0<\/strong>La Fiscal\u00eda General del Estado de Oaxaca (FGEO) present\u00f3 ante el Juzgado de Control a la persona del sexo masculino identificada como C. J. G. M., se\u00f1alado como\u00a0 probable responsable del delito de lesiones dolosas y da\u00f1os culposos por tr\u00e1nsito de veh\u00edculos, tras aparentemente provocar un accidente y atropellar a una adolescente del sexo femenino, hechos ocurridos el 24 de febrero de 2022 sobre la Carretera Federal 190, en inmediaciones del municipio de Santa Luc\u00eda del Camino.<\/p>\n<p style=\"font-weight: 400; text-align: justify;\">Tras el incidente, la v\u00edctima fue trasladada a un hospital donde permanece internada, adem\u00e1s que el probable responsable fue sometido a una certificaci\u00f3n m\u00e9dica que revel\u00f3 que conduc\u00eda en tercer periodo de ebriedad, por lo que fue presentado ante el juez de control. Hechos asentados en la carpeta de investigaci\u00f3n 6484\/FVCE\/OAXACA\/2022.<\/p>\n<p style=\"font-weight: 400; text-align: justify;\">En audiencia ante el Juez, el imputado se acogi\u00f3 al t\u00e9rmino constitucional, mismo que fenece el 1 de marzo de 2022, quedando en tanto en prisi\u00f3n preventiva.<\/p>\n<p style=\"font-weight: 400; text-align: justify;\">La investigaci\u00f3n y seguimiento de delitos son prioritarias para la Fiscal\u00eda General, presentando ante la justicia y aplicando la Ley sin distingo a quienes resulten responsables.<\/p>\n","protected":false},"author":1,"featured_media":3175,"comment_status":"closed","ping_status":"closed","template":"","tags":[],"categoria_noticias":[],"class_list":["post-14933","noticias","type-noticias","status-publish","has-post-thumbnail","hentry"],"acf":[],"mb":[],"mfb_rest_fields":["title","gutenberg_elementor_mode"],"_links":{"self":[{"href":"https:\/\/portal.fgeo.gob.mx\/index.php\/wp-json\/wp\/v2\/noticias\/14933","targetHints":{"allow":["GET"]}}],"collection":[{"href":"https:\/\/portal.fgeo.gob.mx\/index.php\/wp-json\/wp\/v2\/noticias"}],"about":[{"href":"https:\/\/portal.fgeo.gob.mx\/index.php\/wp-json\/wp\/v2\/types\/noticias"}],"author":[{"embeddable":true,"href":"https:\/\/portal.fgeo.gob.mx\/index.php\/wp-json\/wp\/v2\/users\/1"}],"replies":[{"embeddable":true,"href":"https:\/\/portal.fgeo.gob.mx\/index.php\/wp-json\/wp\/v2\/comments?post=14933"}],"wp:featuredmedia":[{"embeddable":true,"href":"https:\/\/portal.fgeo.gob.mx\/index.php\/wp-json\/"}],"wp:attachment":[{"href":"https:\/\/portal.fgeo.gob.mx\/index.php\/wp-json\/wp\/v2\/media?parent=14933"}],"wp:term":[{"taxonomy":"post_tag","embeddable":true,"href":"https:\/\/portal.fgeo.gob.mx\/index.php\/wp-json\/wp\/v2\/tags?post=14933"},{"taxonomy":"categoria_noticias","embeddable":true,"href":"https:\/\/portal.fgeo.gob.mx\/index.php\/wp-json\/wp\/v2\/categoria_noticias?post=14933"}],"curies":[{"name":"wp","href":"https:\/\/api.w.org\/{rel}","templated":true}]}}