{"id":14931,"date":"2022-02-26T14:28:57","date_gmt":"2022-02-26T20:28:57","guid":{"rendered":"http:\/\/fge.oaxaca.gob.mx\/?post_type=noticias&amp;p=4071"},"modified":"2022-02-26T14:28:57","modified_gmt":"2022-02-26T20:28:57","slug":"probable-secuestrador-queda-en-prision-y-vinculado-a-proceso-delito-cometido-en-tlalixtac-de-cabrera","status":"publish","type":"noticias","link":"https:\/\/portal.fgeo.gob.mx\/index.php\/archivos\/noticias\/probable-secuestrador-queda-en-prision-y-vinculado-a-proceso-delito-cometido-en-tlalixtac-de-cabrera","title":{"rendered":"Probable secuestrador queda en prisi\u00f3n y vinculado a proceso; delito cometido en Tlalixtac de Cabrera"},"content":{"rendered":"<p style=\"font-weight: 400; text-align: justify;\"><strong>Oaxaca de Ju\u00e1rez, Oax., 26 de febrero de 2022.-\u00a0<\/strong>La Fiscal\u00eda General del Estado de Oaxaca (FGEO) obtuvo auto de vinculaci\u00f3n a proceso contra la persona del sexo masculino identificada como U. A. R., probable responsable del delito de secuestro en agravio de una v\u00edctima de identidad reservada, cometido en agosto de 2019, en el municipio de Tlalixtac de Cabrera, en la regi\u00f3n de Valles Centrales.<\/p>\n<p style=\"font-weight: 400; text-align: justify;\">De acuerdo con la carpeta de investigaci\u00f3n 27374\/FDAI\/UECS\/2019, el 11 de agosto de 2019, la v\u00edctima iba a bordo de su motocicleta cuando fue privada de su libertad en inmediaciones de la localidad de Santa Catalina de Sena, perteneciente a la referida demarcaci\u00f3n.<\/p>\n<p style=\"font-weight: 400; text-align: justify;\">Posteriormente, los probables plagiarios trasladaron a la v\u00edctima al cerro Lachigol\u00f3 y exigieron una fuerte suma de dinero a sus familiares a cambio de su liberaci\u00f3n.<\/p>\n<p style=\"font-weight: 400; text-align: justify;\">Cabe mencionar que la v\u00edctima fue liberada en inmediaciones de la localidad de G\u00fcendulain, que pertenece al municipio de Santa Mar\u00eda del Tule.<\/p>\n<p style=\"font-weight: 400; text-align: justify;\">Ante este hecho, la Instituci\u00f3n de procuraci\u00f3n de justicia inici\u00f3 una exhaustiva investigaci\u00f3n -a trav\u00e9s de la Fiscal\u00eda Especializada en Atenci\u00f3n a Delitos de Alto Impacto-, logrando aprehender y presentar ante el Juzgado de Control al probable responsable.<\/p>\n<p style=\"font-weight: 400; text-align: justify;\">En audiencia y luego de validar los datos de prueba aportados por la FGEO, el Juez en turno determin\u00f3 vincular a proceso a U. A. R., imponiendo la medida cautelar de prisi\u00f3n preventiva oficiosa y otorg\u00f3 cuatro meses para el cierre de investigaci\u00f3n complementaria.<\/p>\n<p style=\"font-weight: 400; text-align: justify;\">La Fiscal\u00eda General combate el delito de secuestro, realizando investigaciones exhaustivas para dar con los responsables, garantizando justicia a las v\u00edctimas.<\/p>\n","protected":false},"author":1,"featured_media":3175,"comment_status":"closed","ping_status":"closed","template":"","tags":[],"categoria_noticias":[],"class_list":["post-14931","noticias","type-noticias","status-publish","has-post-thumbnail","hentry"],"acf":[],"mb":[],"mfb_rest_fields":["title","gutenberg_elementor_mode"],"_links":{"self":[{"href":"https:\/\/portal.fgeo.gob.mx\/index.php\/wp-json\/wp\/v2\/noticias\/14931","targetHints":{"allow":["GET"]}}],"collection":[{"href":"https:\/\/portal.fgeo.gob.mx\/index.php\/wp-json\/wp\/v2\/noticias"}],"about":[{"href":"https:\/\/portal.fgeo.gob.mx\/index.php\/wp-json\/wp\/v2\/types\/noticias"}],"author":[{"embeddable":true,"href":"https:\/\/portal.fgeo.gob.mx\/index.php\/wp-json\/wp\/v2\/users\/1"}],"replies":[{"embeddable":true,"href":"https:\/\/portal.fgeo.gob.mx\/index.php\/wp-json\/wp\/v2\/comments?post=14931"}],"wp:featuredmedia":[{"embeddable":true,"href":"https:\/\/portal.fgeo.gob.mx\/index.php\/wp-json\/"}],"wp:attachment":[{"href":"https:\/\/portal.fgeo.gob.mx\/index.php\/wp-json\/wp\/v2\/media?parent=14931"}],"wp:term":[{"taxonomy":"post_tag","embeddable":true,"href":"https:\/\/portal.fgeo.gob.mx\/index.php\/wp-json\/wp\/v2\/tags?post=14931"},{"taxonomy":"categoria_noticias","embeddable":true,"href":"https:\/\/portal.fgeo.gob.mx\/index.php\/wp-json\/wp\/v2\/categoria_noticias?post=14931"}],"curies":[{"name":"wp","href":"https:\/\/api.w.org\/{rel}","templated":true}]}}