{"id":14930,"date":"2022-02-26T13:33:22","date_gmt":"2022-02-26T19:33:22","guid":{"rendered":"http:\/\/fge.oaxaca.gob.mx\/?post_type=noticias&amp;p=4070"},"modified":"2022-02-26T13:33:22","modified_gmt":"2022-02-26T19:33:22","slug":"logramos-sentencia-condenatoria-contra-responsable-de-violencia-familiar-hecho-cometido-en-santa-lucia-del-camino-fgeo","status":"publish","type":"noticias","link":"https:\/\/portal.fgeo.gob.mx\/index.php\/archivos\/noticias\/logramos-sentencia-condenatoria-contra-responsable-de-violencia-familiar-hecho-cometido-en-santa-lucia-del-camino-fgeo","title":{"rendered":"Logramos sentencia condenatoria contra responsable de violencia familiar, hecho cometido en Santa Luc\u00eda del Camino: FGEO"},"content":{"rendered":"<ul>\n<li style=\"font-weight: 400; text-align: justify;\">En otro caso, fue vinculado a proceso D.I.C.S., como probable responsable del delito de violencia familiar, hecho cometido en San Mart\u00edn Mexicapan.<\/li>\n<\/ul>\n<p style=\"font-weight: 400; text-align: justify;\"><strong>\u00a0<\/strong><\/p>\n<p style=\"font-weight: 400; text-align: justify;\"><strong>Oaxaca de Ju\u00e1rez, Oax., 26 de febrero de 2022.-\u00a0<\/strong>La Fiscal\u00eda General del Estado de Oaxaca (FGEO) obtuvo, del Juez de Control, sentencia condenatoria de dos a\u00f1os de prisi\u00f3n contra la persona del sexo masculino identificada como A. L. D., responsable del delito de violencia familiar en agravio de una mujer identificada como Y. R. L. (concubina), cometido en febrero de 2021 en Santa Luc\u00eda del Camino, regi\u00f3n de Valles Centrales.<\/p>\n<p style=\"font-weight: 400; text-align: justify;\">De acuerdo con la carpeta de investigaci\u00f3n 5034\/FMUJ\/UDVF\/2021, el 14 de febrero de 2021, el responsable agredi\u00f3 de manera f\u00edsica y verbal a la v\u00edctima cuando se encontraba en su domicilio particular, ubicado en inmediaciones de la colonia El Baj\u00edo, perteneciente al referido municipio.<\/p>\n<p style=\"font-weight: 400; text-align: justify;\">Ante este hecho y tras la denuncia presentada, la Instituci\u00f3n de procuraci\u00f3n de justicia inici\u00f3 las investigaciones correspondientes -a trav\u00e9s de la Fiscal\u00eda Especializada en Atenci\u00f3n a Delitos contra la Mujer por Raz\u00f3n de G\u00e9nero-, logrando presentar al imputado ante el Juez de la causa, quien determin\u00f3 vincularlo a proceso.<\/p>\n<p style=\"font-weight: 400; text-align: justify;\">En audiencia de procedimiento abreviado, el Juez de Control dict\u00f3 sentencia condenatoria contra A. L. D., imponiendo la pena de dos a\u00f1os de prisi\u00f3n, adem\u00e1s que orden\u00f3 el pago de m\u00e1s de 14 mil pesos por concepto de multa y reparaci\u00f3n del da\u00f1o.<\/p>\n<p style=\"font-weight: 400; text-align: justify;\">En otro hecho distinto, por el delito de violencia familiar, la FGEO obtuvo auto de vinculaci\u00f3n a proceso y dos meses para el cierre de investigaci\u00f3n contra el masculino D. I. C. S., quien probablemente agredi\u00f3 de manera f\u00edsica a una mujer identificada como C. A. C. L., hecho cometido en San Mart\u00edn Mexicapan, en Oaxaca de Ju\u00e1rez, y asentado en la causa penal 199\/2022.<\/p>\n<p style=\"font-weight: 400; text-align: justify;\">La defensa de mujeres, ni\u00f1as, ni\u00f1os y adolescentes v\u00edctimas de delitos representa una labor prioritaria para la Fiscal\u00eda General, aplicando todo el rigor de la Ley a quienes resulten responsables.<\/p>\n","protected":false},"author":1,"featured_media":3175,"comment_status":"closed","ping_status":"closed","template":"","tags":[],"categoria_noticias":[],"class_list":["post-14930","noticias","type-noticias","status-publish","has-post-thumbnail","hentry"],"acf":[],"mb":[],"mfb_rest_fields":["title","gutenberg_elementor_mode"],"_links":{"self":[{"href":"https:\/\/portal.fgeo.gob.mx\/index.php\/wp-json\/wp\/v2\/noticias\/14930","targetHints":{"allow":["GET"]}}],"collection":[{"href":"https:\/\/portal.fgeo.gob.mx\/index.php\/wp-json\/wp\/v2\/noticias"}],"about":[{"href":"https:\/\/portal.fgeo.gob.mx\/index.php\/wp-json\/wp\/v2\/types\/noticias"}],"author":[{"embeddable":true,"href":"https:\/\/portal.fgeo.gob.mx\/index.php\/wp-json\/wp\/v2\/users\/1"}],"replies":[{"embeddable":true,"href":"https:\/\/portal.fgeo.gob.mx\/index.php\/wp-json\/wp\/v2\/comments?post=14930"}],"wp:featuredmedia":[{"embeddable":true,"href":"https:\/\/portal.fgeo.gob.mx\/index.php\/wp-json\/"}],"wp:attachment":[{"href":"https:\/\/portal.fgeo.gob.mx\/index.php\/wp-json\/wp\/v2\/media?parent=14930"}],"wp:term":[{"taxonomy":"post_tag","embeddable":true,"href":"https:\/\/portal.fgeo.gob.mx\/index.php\/wp-json\/wp\/v2\/tags?post=14930"},{"taxonomy":"categoria_noticias","embeddable":true,"href":"https:\/\/portal.fgeo.gob.mx\/index.php\/wp-json\/wp\/v2\/categoria_noticias?post=14930"}],"curies":[{"name":"wp","href":"https:\/\/api.w.org\/{rel}","templated":true}]}}