{"id":14928,"date":"2022-02-24T17:03:33","date_gmt":"2022-02-24T23:03:33","guid":{"rendered":"http:\/\/fge.oaxaca.gob.mx\/?post_type=noticias&amp;p=4066"},"modified":"2022-02-24T17:03:33","modified_gmt":"2022-02-24T23:03:33","slug":"logramos-sentencia-de-25-anos-de-prision-contra-responsable-de-abuso-sexual-contra-una-menor-de-edad","status":"publish","type":"noticias","link":"https:\/\/portal.fgeo.gob.mx\/index.php\/archivos\/noticias\/logramos-sentencia-de-25-anos-de-prision-contra-responsable-de-abuso-sexual-contra-una-menor-de-edad","title":{"rendered":"Logramos sentencia de 25 a\u00f1os de prisi\u00f3n contra responsable de abuso sexual contra una menor de edad"},"content":{"rendered":"<p style=\"text-align: justify;\"><b>Oaxaca de Ju\u00e1rez, Oax., 24 de febrero de 2022.-<\/b>\u00a0La Fiscal\u00eda General del Estado de Oaxaca (FGEO) obtuvo, del Tribunal de Enjuiciamiento, sentencia condenatoria de 25 a\u00f1os de prisi\u00f3n contra la persona del sexo masculino identificada como A. M. V., responsable del delito de abuso sexual agravado contra una menor de edad, cometido en jurisdicci\u00f3n de San Francisco del Mar, en la regi\u00f3n del Istmo de Tehuantepec.<\/p>\n<p style=\"text-align: justify;\">De acuerdo con la causa penal 129\/2020, el imputado agredi\u00f3 de manera sexual a la v\u00edctima en diferentes fechas de los a\u00f1os 2018 y 2019, en el interior de su domicilio particular ubicado en la comunidad de Pueblo Viejo, perteneciente al referido municipio istme\u00f1o.<\/p>\n<p style=\"text-align: justify;\">En atenci\u00f3n a este caso, la Instituci\u00f3n de procuraci\u00f3n de justicia inici\u00f3 la investigaci\u00f3n correspondiente -a trav\u00e9s de la Vicefiscal\u00eda Regional del Istmo-, logrando identificar, aprehender y presentar al imputado ante el Juez de Control, quien determin\u00f3 vincularlo a proceso.<\/p>\n<p style=\"text-align: justify;\">En audiencia, el Tribunal de Enjuiciamiento dict\u00f3 sentencia condenatoria contra A. M. V., imponiendo la pena de 25 a\u00f1os de prisi\u00f3n y ordenando el pago de m\u00e1s de 202 mil pesos por concepto de multa y el pago de la reparaci\u00f3n del da\u00f1o en abstracto.<\/p>\n<p style=\"text-align: justify;\">La Fiscal\u00eda General garantiza justicia plena a v\u00edctimas de delitos, aplicando todo el rigor de la Ley a quienes resulten responsables.<\/p>\n","protected":false},"author":1,"featured_media":3175,"comment_status":"closed","ping_status":"closed","template":"","tags":[],"categoria_noticias":[],"class_list":["post-14928","noticias","type-noticias","status-publish","has-post-thumbnail","hentry"],"acf":[],"mb":[],"mfb_rest_fields":["title","gutenberg_elementor_mode"],"_links":{"self":[{"href":"https:\/\/portal.fgeo.gob.mx\/index.php\/wp-json\/wp\/v2\/noticias\/14928","targetHints":{"allow":["GET"]}}],"collection":[{"href":"https:\/\/portal.fgeo.gob.mx\/index.php\/wp-json\/wp\/v2\/noticias"}],"about":[{"href":"https:\/\/portal.fgeo.gob.mx\/index.php\/wp-json\/wp\/v2\/types\/noticias"}],"author":[{"embeddable":true,"href":"https:\/\/portal.fgeo.gob.mx\/index.php\/wp-json\/wp\/v2\/users\/1"}],"replies":[{"embeddable":true,"href":"https:\/\/portal.fgeo.gob.mx\/index.php\/wp-json\/wp\/v2\/comments?post=14928"}],"wp:featuredmedia":[{"embeddable":true,"href":"https:\/\/portal.fgeo.gob.mx\/index.php\/wp-json\/"}],"wp:attachment":[{"href":"https:\/\/portal.fgeo.gob.mx\/index.php\/wp-json\/wp\/v2\/media?parent=14928"}],"wp:term":[{"taxonomy":"post_tag","embeddable":true,"href":"https:\/\/portal.fgeo.gob.mx\/index.php\/wp-json\/wp\/v2\/tags?post=14928"},{"taxonomy":"categoria_noticias","embeddable":true,"href":"https:\/\/portal.fgeo.gob.mx\/index.php\/wp-json\/wp\/v2\/categoria_noticias?post=14928"}],"curies":[{"name":"wp","href":"https:\/\/api.w.org\/{rel}","templated":true}]}}