{"id":14926,"date":"2022-02-24T11:49:58","date_gmt":"2022-02-24T17:49:58","guid":{"rendered":"http:\/\/fge.oaxaca.gob.mx\/?post_type=noticias&amp;p=4064"},"modified":"2022-02-24T11:49:58","modified_gmt":"2022-02-24T17:49:58","slug":"intervencion-de-la-fiscalia-general-y-la-segego-permite-liberacion-de-personas-retenidas-en-san-juan-mazatlan-mixe","status":"publish","type":"noticias","link":"https:\/\/portal.fgeo.gob.mx\/index.php\/archivos\/noticias\/intervencion-de-la-fiscalia-general-y-la-segego-permite-liberacion-de-personas-retenidas-en-san-juan-mazatlan-mixe","title":{"rendered":"Intervenci\u00f3n de la Fiscal\u00eda General y la SEGEGO permite liberaci\u00f3n de personas retenidas en San Juan Mazatl\u00e1n Mixe"},"content":{"rendered":"<p style=\"font-weight: 400; text-align: justify;\"><strong>Oaxaca de Ju\u00e1rez, Oax., 24 de febrero de 2022.-<\/strong>\u00a0La Fiscal\u00eda General del Estado de Oaxaca (FGEO), en estrecha colaboraci\u00f3n con la Secretar\u00eda General de Gobierno del Estado de Oaxaca (SEGEGO), lograron la liberaci\u00f3n de un grupo de personas que hab\u00edan sido privadas de su libertad desde el pasado 6 de febrero del a\u00f1o en curso en la Agencia de la Mixtequita, perteneciente al municipio de San Juan Mazatl\u00e1n Mixe.<\/p>\n<p style=\"font-weight: 400; text-align: justify;\">La liberaci\u00f3n de los retenidos se dio tras las continuas mesas de negociaci\u00f3n entabladas entre el personal de la Vicefiscal\u00eda Regional del Istmo de la FGEO y de la SEGEGO con los pobladores, priorizando las necesidades particulares y la integridad de las personas retenidas.<\/p>\n<p style=\"font-weight: 400; text-align: justify;\">La Fiscal\u00eda General intervino desde que tuvo conocimiento del caso, realizando las diligencias pertinentes que permitieron el resguardo del grupo de personas, quienes se encuentran en buenas condiciones y ser\u00e1n restituidas a sus lugares de origen.<\/p>\n<p style=\"font-weight: 400; text-align: justify;\">La Fiscal\u00eda General colabora con los \u00f3rganos de gobierno de diferentes niveles, a fin de velar por la paz y el Estado de Derecho en la entidad.<\/p>\n","protected":false},"author":1,"featured_media":3175,"comment_status":"closed","ping_status":"closed","template":"","tags":[],"categoria_noticias":[],"class_list":["post-14926","noticias","type-noticias","status-publish","has-post-thumbnail","hentry"],"acf":[],"mb":[],"mfb_rest_fields":["title","gutenberg_elementor_mode"],"_links":{"self":[{"href":"https:\/\/portal.fgeo.gob.mx\/index.php\/wp-json\/wp\/v2\/noticias\/14926","targetHints":{"allow":["GET"]}}],"collection":[{"href":"https:\/\/portal.fgeo.gob.mx\/index.php\/wp-json\/wp\/v2\/noticias"}],"about":[{"href":"https:\/\/portal.fgeo.gob.mx\/index.php\/wp-json\/wp\/v2\/types\/noticias"}],"author":[{"embeddable":true,"href":"https:\/\/portal.fgeo.gob.mx\/index.php\/wp-json\/wp\/v2\/users\/1"}],"replies":[{"embeddable":true,"href":"https:\/\/portal.fgeo.gob.mx\/index.php\/wp-json\/wp\/v2\/comments?post=14926"}],"wp:featuredmedia":[{"embeddable":true,"href":"https:\/\/portal.fgeo.gob.mx\/index.php\/wp-json\/"}],"wp:attachment":[{"href":"https:\/\/portal.fgeo.gob.mx\/index.php\/wp-json\/wp\/v2\/media?parent=14926"}],"wp:term":[{"taxonomy":"post_tag","embeddable":true,"href":"https:\/\/portal.fgeo.gob.mx\/index.php\/wp-json\/wp\/v2\/tags?post=14926"},{"taxonomy":"categoria_noticias","embeddable":true,"href":"https:\/\/portal.fgeo.gob.mx\/index.php\/wp-json\/wp\/v2\/categoria_noticias?post=14926"}],"curies":[{"name":"wp","href":"https:\/\/api.w.org\/{rel}","templated":true}]}}