{"id":14923,"date":"2022-02-22T15:13:32","date_gmt":"2022-02-22T21:13:32","guid":{"rendered":"http:\/\/fge.oaxaca.gob.mx\/?post_type=noticias&amp;p=4061"},"modified":"2022-02-22T15:13:32","modified_gmt":"2022-02-22T21:13:32","slug":"queda-vinculado-a-proceso-probable-agresor-sexual-de-dos-adolescentes-en-el-distrito-de-sola-de-vega-fiscalia-general","status":"publish","type":"noticias","link":"https:\/\/portal.fgeo.gob.mx\/index.php\/archivos\/noticias\/queda-vinculado-a-proceso-probable-agresor-sexual-de-dos-adolescentes-en-el-distrito-de-sola-de-vega-fiscalia-general","title":{"rendered":"Queda vinculado a proceso probable agresor sexual de dos adolescentes en el Distrito de Sola de Vega: Fiscal\u00eda General"},"content":{"rendered":"<p style=\"font-weight: 400; text-align: justify;\"><strong>Oaxaca de Ju\u00e1rez, Oax., 22 de febrero de 2022.-<\/strong>\u00a0Por su probable responsabilidad en el delito de abuso sexual agravado contra dos adolescentes, la Fiscal\u00eda General del Estado de Oaxaca (FGEO) obtuvo, del Juzgado de Control, auto de vinculaci\u00f3n a proceso contra la persona del sexo masculino identificado como C. M. F., cometido en jurisdicci\u00f3n de Santiago Amoltepec, Distrito de Sola de Vega.<\/p>\n<p style=\"font-weight: 400; text-align: justify;\">De acuerdo con la causa penal 22\/2022, el imputado probablemente agredi\u00f3 de manera sexual a las v\u00edctimas en el interior de su domicilio particular, ubicado en el referido municipio.<\/p>\n<p style=\"font-weight: 400; text-align: justify;\">Ante estos hechos y tras la denuncia presentada por familiares de la v\u00edctima, la Instituci\u00f3n de Procuraci\u00f3n de Justicia inicio una exhaustiva investigaci\u00f3n -a trav\u00e9s de la Vicefiscal\u00eda General de Control Regional-, logrando aprender y presentar al probable agresor sexual ante el Juzgado de Control.<\/p>\n<p style=\"font-weight: 400; text-align: justify;\">En audiencia, el Juez en turno dict\u00f3 auto de vinculaci\u00f3n a proceso en contra de C. M. F., imponiendo la medida cautelar de prisi\u00f3n preventiva oficiosa y otorg\u00f3 tres meses para el cierre de investigaci\u00f3n complementaria.<\/p>\n<p style=\"font-weight: 400; text-align: justify;\">En atenci\u00f3n a delitos sexuales, la Fiscal\u00eda General garantiza investigaciones exhaustivas, a fin de presentar ante la justicia y aplicar todo el rigor de la Ley a quienes resulten responsables.<\/p>\n","protected":false},"author":1,"featured_media":3175,"comment_status":"closed","ping_status":"closed","template":"","tags":[],"categoria_noticias":[],"class_list":["post-14923","noticias","type-noticias","status-publish","has-post-thumbnail","hentry"],"acf":[],"mb":[],"mfb_rest_fields":["title","gutenberg_elementor_mode"],"_links":{"self":[{"href":"https:\/\/portal.fgeo.gob.mx\/index.php\/wp-json\/wp\/v2\/noticias\/14923","targetHints":{"allow":["GET"]}}],"collection":[{"href":"https:\/\/portal.fgeo.gob.mx\/index.php\/wp-json\/wp\/v2\/noticias"}],"about":[{"href":"https:\/\/portal.fgeo.gob.mx\/index.php\/wp-json\/wp\/v2\/types\/noticias"}],"author":[{"embeddable":true,"href":"https:\/\/portal.fgeo.gob.mx\/index.php\/wp-json\/wp\/v2\/users\/1"}],"replies":[{"embeddable":true,"href":"https:\/\/portal.fgeo.gob.mx\/index.php\/wp-json\/wp\/v2\/comments?post=14923"}],"wp:featuredmedia":[{"embeddable":true,"href":"https:\/\/portal.fgeo.gob.mx\/index.php\/wp-json\/"}],"wp:attachment":[{"href":"https:\/\/portal.fgeo.gob.mx\/index.php\/wp-json\/wp\/v2\/media?parent=14923"}],"wp:term":[{"taxonomy":"post_tag","embeddable":true,"href":"https:\/\/portal.fgeo.gob.mx\/index.php\/wp-json\/wp\/v2\/tags?post=14923"},{"taxonomy":"categoria_noticias","embeddable":true,"href":"https:\/\/portal.fgeo.gob.mx\/index.php\/wp-json\/wp\/v2\/categoria_noticias?post=14923"}],"curies":[{"name":"wp","href":"https:\/\/api.w.org\/{rel}","templated":true}]}}