{"id":14922,"date":"2022-02-22T12:33:10","date_gmt":"2022-02-22T18:33:10","guid":{"rendered":"http:\/\/fge.oaxaca.gob.mx\/?post_type=noticias&amp;p=4060"},"modified":"2022-02-22T12:33:10","modified_gmt":"2022-02-22T18:33:10","slug":"en-colaboracion-con-fiscalia-de-jalisco-cumplimenta-fgeo-orden-de-aprehension-contra-probable-secuestrador-de-la-costa-de-oaxaca","status":"publish","type":"noticias","link":"https:\/\/portal.fgeo.gob.mx\/index.php\/archivos\/noticias\/en-colaboracion-con-fiscalia-de-jalisco-cumplimenta-fgeo-orden-de-aprehension-contra-probable-secuestrador-de-la-costa-de-oaxaca","title":{"rendered":"En colaboraci\u00f3n con Fiscal\u00eda de Jalisco, cumplimenta FGEO orden de aprehensi\u00f3n contra probable secuestrador de la Costa de Oaxaca"},"content":{"rendered":"<ul>\n<li style=\"font-weight: 400; text-align: justify;\">Asimismo, elementos de la AEI realizaron el traslado del imputado al estado de Oaxaca, a fin de presentarlo ante la autoridad judicial competente.<\/li>\n<\/ul>\n<p style=\"font-weight: 400; text-align: justify;\"><strong>Oaxaca de Ju\u00e1rez, Oax., 22 de febrero de 2022.-<\/strong>\u00a0La estrecha colaboraci\u00f3n de la Fiscal\u00eda General del Estado de Oaxaca (FGEO) y la Fiscal\u00eda General del Estado de Jalisco permiti\u00f3 darle cumplimiento a una orden de aprehensi\u00f3n contra la persona del sexo masculino identificada como R. S. E., probable responsable del delito de secuestro agravado en contra de una v\u00edctima de identidad reservada por Ley, cometido en julio de 2015 en la regi\u00f3n de la Costa de Oaxaca.<\/p>\n<p style=\"font-weight: 400; text-align: justify;\">De acuerdo con la carpeta de investigaci\u00f3n 3057\/FPE\/2015, el 7 de julio de 2015, la v\u00edctima fue privada de su libertad por un grupo de sujetos -entre los que se encontraba el imputado-, cuando transitaba en un camino de terracer\u00eda ubicado en jurisdicci\u00f3n de Santa Mar\u00eda Colotepec. Los plagiarios exigieron una fuerte suma de dinero a cambio de su liberaci\u00f3n.<\/p>\n<p style=\"font-weight: 400; text-align: justify;\">Ante este hecho, la Instituci\u00f3n de procuraci\u00f3n de justicia atrajo la investigaci\u00f3n correspondiente y gracias a la labor de inteligencia de la Vicefiscal\u00eda Regional de la Costa y de la Agencia Estatal de Investigaciones (AEI) y de la colaboraci\u00f3n de la Fiscal\u00eda de Jalisco, este 20 de febrero del a\u00f1o en curso se cumpliment\u00f3 la orden de aprehensi\u00f3n contra R. S. E. en Puerto Vallarta.<\/p>\n<p style=\"font-weight: 400; text-align: justify;\">Asimismo, durante la noche de este lunes 21 de febrero, elementos de la AEI -con apoyo de elementos de la Guardia Nacional de la Costa- realizaron el traslado del imputado al estado de Oaxaca, a fin de presentarlo ante la autoridad judicial competente, para determinar su situaci\u00f3n jur\u00eddica en las pr\u00f3ximas horas.<\/p>\n<p style=\"font-weight: 400; text-align: justify;\">La Fiscal\u00eda General trabaja de manera cercana con Instituciones de procuraci\u00f3n de justicia de la federaci\u00f3n, a fin de aplicar todo el rigor de la Ley a responsables de delitos.<\/p>\n","protected":false},"author":1,"featured_media":3175,"comment_status":"closed","ping_status":"closed","template":"","tags":[],"categoria_noticias":[],"class_list":["post-14922","noticias","type-noticias","status-publish","has-post-thumbnail","hentry"],"acf":[],"mb":[],"mfb_rest_fields":["title","gutenberg_elementor_mode"],"_links":{"self":[{"href":"https:\/\/portal.fgeo.gob.mx\/index.php\/wp-json\/wp\/v2\/noticias\/14922","targetHints":{"allow":["GET"]}}],"collection":[{"href":"https:\/\/portal.fgeo.gob.mx\/index.php\/wp-json\/wp\/v2\/noticias"}],"about":[{"href":"https:\/\/portal.fgeo.gob.mx\/index.php\/wp-json\/wp\/v2\/types\/noticias"}],"author":[{"embeddable":true,"href":"https:\/\/portal.fgeo.gob.mx\/index.php\/wp-json\/wp\/v2\/users\/1"}],"replies":[{"embeddable":true,"href":"https:\/\/portal.fgeo.gob.mx\/index.php\/wp-json\/wp\/v2\/comments?post=14922"}],"wp:featuredmedia":[{"embeddable":true,"href":"https:\/\/portal.fgeo.gob.mx\/index.php\/wp-json\/"}],"wp:attachment":[{"href":"https:\/\/portal.fgeo.gob.mx\/index.php\/wp-json\/wp\/v2\/media?parent=14922"}],"wp:term":[{"taxonomy":"post_tag","embeddable":true,"href":"https:\/\/portal.fgeo.gob.mx\/index.php\/wp-json\/wp\/v2\/tags?post=14922"},{"taxonomy":"categoria_noticias","embeddable":true,"href":"https:\/\/portal.fgeo.gob.mx\/index.php\/wp-json\/wp\/v2\/categoria_noticias?post=14922"}],"curies":[{"name":"wp","href":"https:\/\/api.w.org\/{rel}","templated":true}]}}