{"id":14921,"date":"2022-02-21T14:30:50","date_gmt":"2022-02-21T20:30:50","guid":{"rendered":"http:\/\/fge.oaxaca.gob.mx\/?post_type=noticias&amp;p=4059"},"modified":"2022-02-21T14:30:50","modified_gmt":"2022-02-21T20:30:50","slug":"logramos-aprehender-y-presentar-ante-juez-a-probable-secuestrador-delito-cometido-en-tlalixtac-de-cabrera","status":"publish","type":"noticias","link":"https:\/\/portal.fgeo.gob.mx\/index.php\/archivos\/noticias\/logramos-aprehender-y-presentar-ante-juez-a-probable-secuestrador-delito-cometido-en-tlalixtac-de-cabrera","title":{"rendered":"Logramos aprehender y presentar ante Juez a probable secuestrador; delito cometido en Tlalixtac de Cabrera"},"content":{"rendered":"<ul>\n<li style=\"font-weight: 400; text-align: justify;\">La Instituci\u00f3n aprehendi\u00f3 el pasado 20 de febrero del presente a\u00f1o al masculino U. A. R., se\u00f1alado como probable responsable del delito de secuestro.<\/li>\n<\/ul>\n<p style=\"font-weight: 400; text-align: justify;\"><strong>\u00a0<\/strong><\/p>\n<p style=\"font-weight: 400; text-align: justify;\"><strong>Oaxaca de Ju\u00e1rez, Oax., 21 de febrero de 2022.-<\/strong>\u00a0En el combate a los delitos de alto impacto la Fiscal\u00eda General del Estado de Oaxaca (FGEO) dio como resultado la aprehensi\u00f3n y presentaci\u00f3n ante el Juzgado de Control de la persona del sexo masculino identificada como U. A. R., se\u00f1alado como probable responsable del delito de secuestro en agravio de una v\u00edctima de identidad reservada, cometido en agosto de 2019, en jurisdicci\u00f3n de Tlalixtac de Cabrera, en la regi\u00f3n de Valles Centrales.<\/p>\n<p style=\"font-weight: 400; text-align: justify;\">De acuerdo con la carpeta de investigaci\u00f3n 27374\/FDAI\/UECS\/2019, el 11 de agosto de 2019, la v\u00edctima iba a bordo de su motocicleta cuando fue privada de su libertad en inmediaciones de la localidad de Santa Catalina de Sena, perteneciente a la referida demarcaci\u00f3n.<\/p>\n<p style=\"font-weight: 400; text-align: justify;\">Posteriormente, los probables plagiarios trasladaron a la v\u00edctima al cerro Lachigol\u00f3 y exigieron una fuerte suma de dinero a sus familiares a cambio de su liberaci\u00f3n. Cabe mencionar que la v\u00edctima fue liberada en inmediaciones de la localidad de G\u00fcendulain, que est\u00e1 situada en el municipio de Santa Mar\u00eda del Tule.<\/p>\n<p style=\"font-weight: 400; text-align: justify;\">Ante este hecho y tras la denuncia presentada, la Fiscal\u00eda General atrajo el caso -a trav\u00e9s de la Fiscal\u00eda Especializada en Atenci\u00f3n a Delitos de Alto Impacto-, logrando aprehender y presentar ante el Juzgado de Control al probable responsable.<\/p>\n<p style=\"font-weight: 400; text-align: justify;\">En audiencia, la defensa del imputado solicit\u00f3 la ampliaci\u00f3n del t\u00e9rmino constitucional, mismo que fenece el pr\u00f3ximo 26 de febrero, quedando en tanto en prisi\u00f3n preventiva.<\/p>\n<p style=\"font-weight: 400; text-align: justify;\">En delitos de alto impacto, la Fiscal\u00eda General del Estado de Oaxaca reitera su compromiso de actuar con firmeza contra quienes atentan contra la integridad y bienestar de las familias oaxaque\u00f1as.<\/p>\n","protected":false},"author":1,"featured_media":3175,"comment_status":"closed","ping_status":"closed","template":"","tags":[],"categoria_noticias":[],"class_list":["post-14921","noticias","type-noticias","status-publish","has-post-thumbnail","hentry"],"acf":[],"mb":[],"mfb_rest_fields":["title","gutenberg_elementor_mode"],"_links":{"self":[{"href":"https:\/\/portal.fgeo.gob.mx\/index.php\/wp-json\/wp\/v2\/noticias\/14921","targetHints":{"allow":["GET"]}}],"collection":[{"href":"https:\/\/portal.fgeo.gob.mx\/index.php\/wp-json\/wp\/v2\/noticias"}],"about":[{"href":"https:\/\/portal.fgeo.gob.mx\/index.php\/wp-json\/wp\/v2\/types\/noticias"}],"author":[{"embeddable":true,"href":"https:\/\/portal.fgeo.gob.mx\/index.php\/wp-json\/wp\/v2\/users\/1"}],"replies":[{"embeddable":true,"href":"https:\/\/portal.fgeo.gob.mx\/index.php\/wp-json\/wp\/v2\/comments?post=14921"}],"wp:featuredmedia":[{"embeddable":true,"href":"https:\/\/portal.fgeo.gob.mx\/index.php\/wp-json\/"}],"wp:attachment":[{"href":"https:\/\/portal.fgeo.gob.mx\/index.php\/wp-json\/wp\/v2\/media?parent=14921"}],"wp:term":[{"taxonomy":"post_tag","embeddable":true,"href":"https:\/\/portal.fgeo.gob.mx\/index.php\/wp-json\/wp\/v2\/tags?post=14921"},{"taxonomy":"categoria_noticias","embeddable":true,"href":"https:\/\/portal.fgeo.gob.mx\/index.php\/wp-json\/wp\/v2\/categoria_noticias?post=14921"}],"curies":[{"name":"wp","href":"https:\/\/api.w.org\/{rel}","templated":true}]}}