{"id":14920,"date":"2022-02-21T14:08:21","date_gmt":"2022-02-21T20:08:21","guid":{"rendered":"http:\/\/fge.oaxaca.gob.mx\/?post_type=noticias&amp;p=4058"},"modified":"2022-02-21T14:08:21","modified_gmt":"2022-02-21T20:08:21","slug":"queda-vinculado-a-proceso-probable-agresor-sexual-infantil-de-la-mixteca-fgeo","status":"publish","type":"noticias","link":"https:\/\/portal.fgeo.gob.mx\/index.php\/archivos\/noticias\/queda-vinculado-a-proceso-probable-agresor-sexual-infantil-de-la-mixteca-fgeo","title":{"rendered":"Queda vinculado a proceso probable agresor sexual infantil de la Mixteca: FGEO"},"content":{"rendered":"<ul>\n<li style=\"font-weight: 400; text-align: justify;\">Por otro caso de abuso sexual infantil suscitado en Oaxaca de Ju\u00e1rez, la AEI cumpliment\u00f3 orden de aprehensi\u00f3n contra un probable responsable.<\/li>\n<\/ul>\n<p style=\"font-weight: 400; text-align: justify;\"><strong>Oaxaca de Ju\u00e1rez, Oax., 21 de febrero de 2022.-<\/strong>\u00a0La incansable labor de investigaci\u00f3n y seguimiento de casos de violencia sexual de la Fiscal\u00eda General del Estado de Oaxaca (FGEO) dio como resultado la vinculaci\u00f3n a proceso de la persona del sexo masculino identificada como B. J. R., probable responsable del delito de abuso sexual infantil, en agravio de una menor de edad, cometido en jurisdicci\u00f3n de San Juan Bautista Coixtlahuaca, en la regi\u00f3n de la Mixteca.<\/p>\n<p style=\"font-weight: 400; text-align: justify;\">De acuerdo con la causa penal 266\/2021, en diferentes fechas de los meses de enero y abril de 2021, el imputado probablemente agredi\u00f3 de manera sexual a la v\u00edctima en el interior de su domicilio particular, ubicado en la comunidad de San Jos\u00e9 La Estancia, perteneciente al referido municipio.<\/p>\n<p style=\"font-weight: 400; text-align: justify;\">Luego de la denuncia presentada por familiares de la v\u00edctima, la FGEO inici\u00f3 una exhaustiva investigaci\u00f3n -a trav\u00e9s de la Vicefiscal\u00eda Regional de la Mixteca-, logrando identificar, aprehender y presentar al imputado ante el Juzgado de Control, quien tras validar los datos de prueba aportados, determin\u00f3 vincularlo a proceso, imponiendo prisi\u00f3n preventiva y otorg\u00f3 dos meses para el cierre de investigaci\u00f3n complementaria.<\/p>\n<p style=\"font-weight: 400; text-align: justify;\">Por otro caso de abuso sexual infantil, suscitado en la Ciudad de Oaxaca de Ju\u00e1rez, en la regi\u00f3n de Valles Centrales, elementos de la Agencia Estatal de Investigaciones (AEI) cumplimentaron orden de aprehensi\u00f3n contra el masculino L. T. B. P. o L. B. P. en inmediaciones de la colonia 7 Regiones de la capital oaxaque\u00f1a.<\/p>\n<p style=\"font-weight: 400; text-align: justify;\">El imputado fue presentado ante la autoridad judicial correspondiente, quien determinar\u00e1 su situaci\u00f3n jur\u00eddica en las pr\u00f3ximas horas.<\/p>\n<p style=\"font-weight: 400; text-align: justify;\">La Fiscal\u00eda General garantiza justicia plena a v\u00edctimas directas e indirectas de delitos, priorizando cuando se trata de ni\u00f1as, ni\u00f1os, adolescentes y mujeres.<\/p>\n","protected":false},"author":1,"featured_media":3175,"comment_status":"closed","ping_status":"closed","template":"","tags":[],"categoria_noticias":[],"class_list":["post-14920","noticias","type-noticias","status-publish","has-post-thumbnail","hentry"],"acf":[],"mb":[],"mfb_rest_fields":["title","gutenberg_elementor_mode"],"_links":{"self":[{"href":"https:\/\/portal.fgeo.gob.mx\/index.php\/wp-json\/wp\/v2\/noticias\/14920","targetHints":{"allow":["GET"]}}],"collection":[{"href":"https:\/\/portal.fgeo.gob.mx\/index.php\/wp-json\/wp\/v2\/noticias"}],"about":[{"href":"https:\/\/portal.fgeo.gob.mx\/index.php\/wp-json\/wp\/v2\/types\/noticias"}],"author":[{"embeddable":true,"href":"https:\/\/portal.fgeo.gob.mx\/index.php\/wp-json\/wp\/v2\/users\/1"}],"replies":[{"embeddable":true,"href":"https:\/\/portal.fgeo.gob.mx\/index.php\/wp-json\/wp\/v2\/comments?post=14920"}],"wp:featuredmedia":[{"embeddable":true,"href":"https:\/\/portal.fgeo.gob.mx\/index.php\/wp-json\/"}],"wp:attachment":[{"href":"https:\/\/portal.fgeo.gob.mx\/index.php\/wp-json\/wp\/v2\/media?parent=14920"}],"wp:term":[{"taxonomy":"post_tag","embeddable":true,"href":"https:\/\/portal.fgeo.gob.mx\/index.php\/wp-json\/wp\/v2\/tags?post=14920"},{"taxonomy":"categoria_noticias","embeddable":true,"href":"https:\/\/portal.fgeo.gob.mx\/index.php\/wp-json\/wp\/v2\/categoria_noticias?post=14920"}],"curies":[{"name":"wp","href":"https:\/\/api.w.org\/{rel}","templated":true}]}}