{"id":14919,"date":"2022-02-21T13:07:52","date_gmt":"2022-02-21T19:07:52","guid":{"rendered":"http:\/\/fge.oaxaca.gob.mx\/?post_type=noticias&amp;p=4057"},"modified":"2022-02-21T13:07:52","modified_gmt":"2022-02-21T19:07:52","slug":"logramos-vincular-a-proceso-a-sujeto-que-robo-motocicleta-y-agredio-a-la-victima-en-xoxocotlan","status":"publish","type":"noticias","link":"https:\/\/portal.fgeo.gob.mx\/index.php\/archivos\/noticias\/logramos-vincular-a-proceso-a-sujeto-que-robo-motocicleta-y-agredio-a-la-victima-en-xoxocotlan","title":{"rendered":"Logramos vincular a proceso a sujeto que rob\u00f3 motocicleta y agredi\u00f3 a la v\u00edctima en Xoxocotl\u00e1n"},"content":{"rendered":"<p style=\"font-weight: 400; text-align: justify;\"><strong>Oaxaca de Ju\u00e1rez, Oax., 21 de febrero de 2022.-<\/strong>\u00a0La Fiscal\u00eda General del Estado de Oaxaca (FGEO) obtuvo auto de vinculaci\u00f3n a proceso contra la persona del sexo masculino identificada como J. Y. P. G., alias \u201cEl Chucky\u201d, probable responsable del delito de robo espec\u00edfico con violencia y lesiones calificadas con ventaja en agravio de J. A. L. R., cometido en noviembre de 2021, en jurisdicci\u00f3n de Santa Cruz Xoxocotl\u00e1n, en la regi\u00f3n de Valles Centrales.<\/p>\n<p style=\"font-weight: 400; text-align: justify;\">De acuerdo con la carpeta de investigaci\u00f3n 38926\/FDAI\/UERV\/2021, la madrugada del 21 de noviembre de 2021, un grupo de sujetos -entre los que se encontraba el imputado- viajaban a bordo de un mototaxi cuando interceptaron a la v\u00edctima que circulaba en inmediaciones de la colonia Ex Garita de Xoxocotl\u00e1n y la despojaron de su motocicleta, adem\u00e1s de agredirlo de manera f\u00edsica y lo lesionaron.<\/p>\n<p style=\"font-weight: 400; text-align: justify;\">Ante este hecho, la Instituci\u00f3n de procuraci\u00f3n de justicia inici\u00f3 una exhaustiva investigaci\u00f3n, logrando la aprehensi\u00f3n del imputado el pasado 10 de febrero del a\u00f1o en curso, por lo que fue presentado ante el Juzgado de Control.<\/p>\n<p style=\"font-weight: 400; text-align: justify;\">En audiencia y tras validar los datos de prueba proporcionados por la Fiscal\u00eda Especializada en Atenci\u00f3n a Delitos de Alto Impacto, el Juez en turno determin\u00f3 vincular a proceso a J. Y. P. G., alias \u201cEl Chucky\u201d, imponiendo la medida cautelar de prisi\u00f3n preventiva oficiosa y otorg\u00f3 tres meses para el cierre de investigaci\u00f3n complementaria.<\/p>\n<p style=\"font-weight: 400; text-align: justify;\">La Fiscal\u00eda General garantiza justicia plena a v\u00edctimas de delitos, aplicando todo el rigor de la Ley a quienes resulten responsables.<\/p>\n","protected":false},"author":1,"featured_media":3175,"comment_status":"closed","ping_status":"closed","template":"","tags":[],"categoria_noticias":[],"class_list":["post-14919","noticias","type-noticias","status-publish","has-post-thumbnail","hentry"],"acf":[],"mb":[],"mfb_rest_fields":["title","gutenberg_elementor_mode"],"_links":{"self":[{"href":"https:\/\/portal.fgeo.gob.mx\/index.php\/wp-json\/wp\/v2\/noticias\/14919","targetHints":{"allow":["GET"]}}],"collection":[{"href":"https:\/\/portal.fgeo.gob.mx\/index.php\/wp-json\/wp\/v2\/noticias"}],"about":[{"href":"https:\/\/portal.fgeo.gob.mx\/index.php\/wp-json\/wp\/v2\/types\/noticias"}],"author":[{"embeddable":true,"href":"https:\/\/portal.fgeo.gob.mx\/index.php\/wp-json\/wp\/v2\/users\/1"}],"replies":[{"embeddable":true,"href":"https:\/\/portal.fgeo.gob.mx\/index.php\/wp-json\/wp\/v2\/comments?post=14919"}],"wp:featuredmedia":[{"embeddable":true,"href":"https:\/\/portal.fgeo.gob.mx\/index.php\/wp-json\/"}],"wp:attachment":[{"href":"https:\/\/portal.fgeo.gob.mx\/index.php\/wp-json\/wp\/v2\/media?parent=14919"}],"wp:term":[{"taxonomy":"post_tag","embeddable":true,"href":"https:\/\/portal.fgeo.gob.mx\/index.php\/wp-json\/wp\/v2\/tags?post=14919"},{"taxonomy":"categoria_noticias","embeddable":true,"href":"https:\/\/portal.fgeo.gob.mx\/index.php\/wp-json\/wp\/v2\/categoria_noticias?post=14919"}],"curies":[{"name":"wp","href":"https:\/\/api.w.org\/{rel}","templated":true}]}}