{"id":14915,"date":"2022-02-18T11:53:06","date_gmt":"2022-02-18T17:53:06","guid":{"rendered":"http:\/\/fge.oaxaca.gob.mx\/?post_type=noticias&amp;p=4052"},"modified":"2022-02-18T11:53:06","modified_gmt":"2022-02-18T17:53:06","slug":"fiscalia-de-oaxaca-obtiene-vinculacion-a-proceso-contra-probable-violador-de-una-mujer-hechos-suscitados-en-santa-maria-el-tule","status":"publish","type":"noticias","link":"https:\/\/portal.fgeo.gob.mx\/index.php\/archivos\/noticias\/fiscalia-de-oaxaca-obtiene-vinculacion-a-proceso-contra-probable-violador-de-una-mujer-hechos-suscitados-en-santa-maria-el-tule","title":{"rendered":"Fiscal\u00eda de Oaxaca obtiene vinculaci\u00f3n a proceso contra probable violador de una mujer; hechos suscitados en Santa Mar\u00eda el Tule"},"content":{"rendered":"<p style=\"font-weight: 400; text-align: justify;\"><strong>Oaxaca de Ju\u00e1rez, Oax., 18 de febrero de 2022.-<\/strong>\u00a0La Fiscal\u00eda General del Estado de Oaxaca (FGEO) obtuvo auto de vinculaci\u00f3n a proceso contra la persona del sexo masculino identificada como E. C. V., probable responsable del delito de violaci\u00f3n en contra de una mujer identificada como A. Y. P. Z, cometido en agosto de 2021 en Santa Mar\u00eda el Tule, regi\u00f3n de Valles Centrales.<\/p>\n<p style=\"font-weight: 400; text-align: justify;\">De acuerdo con la carpeta de investigaci\u00f3n 28437\/FMUJ\/USEX\/2021, el 28 de agosto de 2021, el imputado agredi\u00f3 de manera sexual a la v\u00edctima cuando se encontraba en el interior de un domicilio ubicado en inmediaciones del referido municipio.<\/p>\n<p style=\"font-weight: 400; text-align: justify;\">Luego de la denuncia presentada, la Instituci\u00f3n de procuraci\u00f3n de justicia atrajo la investigaci\u00f3n \u2013a trav\u00e9s de la Fiscal\u00eda Especializada en Atenci\u00f3n a Delitos contra la Mujer por Raz\u00f3n de G\u00e9nero-, logrando presentar ante el Juez de Control al probable responsable.<\/p>\n<p style=\"font-weight: 400; text-align: justify;\">En audiencia y tras validar los datos de prueba proporcionados por la FGEO, el Juez en turno determin\u00f3 vincular a proceso a E. C. V., imponiendo la medida cautelar de prisi\u00f3n preventiva justificada y otorg\u00f3 tres meses para el cierre de investigaci\u00f3n complementaria.<\/p>\n<p style=\"font-weight: 400; text-align: justify;\">En delitos sexuales, la Fiscal\u00eda General garantiza justicia plena a mujeres, ni\u00f1as, ni\u00f1os y adolescentes que son v\u00edctimas, aplicando todo el rigor de la Ley a quien resulte responsable.<\/p>\n","protected":false},"author":1,"featured_media":3175,"comment_status":"closed","ping_status":"closed","template":"","tags":[],"categoria_noticias":[],"class_list":["post-14915","noticias","type-noticias","status-publish","has-post-thumbnail","hentry"],"acf":[],"mb":[],"mfb_rest_fields":["title","gutenberg_elementor_mode"],"_links":{"self":[{"href":"https:\/\/portal.fgeo.gob.mx\/index.php\/wp-json\/wp\/v2\/noticias\/14915","targetHints":{"allow":["GET"]}}],"collection":[{"href":"https:\/\/portal.fgeo.gob.mx\/index.php\/wp-json\/wp\/v2\/noticias"}],"about":[{"href":"https:\/\/portal.fgeo.gob.mx\/index.php\/wp-json\/wp\/v2\/types\/noticias"}],"author":[{"embeddable":true,"href":"https:\/\/portal.fgeo.gob.mx\/index.php\/wp-json\/wp\/v2\/users\/1"}],"replies":[{"embeddable":true,"href":"https:\/\/portal.fgeo.gob.mx\/index.php\/wp-json\/wp\/v2\/comments?post=14915"}],"wp:featuredmedia":[{"embeddable":true,"href":"https:\/\/portal.fgeo.gob.mx\/index.php\/wp-json\/"}],"wp:attachment":[{"href":"https:\/\/portal.fgeo.gob.mx\/index.php\/wp-json\/wp\/v2\/media?parent=14915"}],"wp:term":[{"taxonomy":"post_tag","embeddable":true,"href":"https:\/\/portal.fgeo.gob.mx\/index.php\/wp-json\/wp\/v2\/tags?post=14915"},{"taxonomy":"categoria_noticias","embeddable":true,"href":"https:\/\/portal.fgeo.gob.mx\/index.php\/wp-json\/wp\/v2\/categoria_noticias?post=14915"}],"curies":[{"name":"wp","href":"https:\/\/api.w.org\/{rel}","templated":true}]}}