{"id":14913,"date":"2022-02-17T15:11:09","date_gmt":"2022-02-17T21:11:09","guid":{"rendered":"http:\/\/fge.oaxaca.gob.mx\/?post_type=noticias&amp;p=4049"},"modified":"2022-02-17T15:11:09","modified_gmt":"2022-02-17T21:11:09","slug":"por-el-delito-de-hostigamiento-sexual-logramos-vincular-a-proceso-a-ex-regidor-de-seguridad-publica-de-san-agustin-de-las-juntas","status":"publish","type":"noticias","link":"https:\/\/portal.fgeo.gob.mx\/index.php\/archivos\/noticias\/por-el-delito-de-hostigamiento-sexual-logramos-vincular-a-proceso-a-ex-regidor-de-seguridad-publica-de-san-agustin-de-las-juntas","title":{"rendered":"Por el delito de hostigamiento sexual, logramos vincular a proceso a ex Regidor de Seguridad P\u00fablica de San Agust\u00edn de las Juntas"},"content":{"rendered":"<p style=\"font-weight: 400; text-align: justify;\"><strong>Oaxaca de Ju\u00e1rez, Oax., 17 de febrero de 2022.-<\/strong>\u00a0En puntual seguimiento a casos de violencia de g\u00e9nero, la Fiscal\u00eda General del Estado de Oaxaca (FGEO) obtuvo auto de vinculaci\u00f3n a proceso contra el masculino L. P. M. G. -quien se desempe\u00f1\u00f3 como Regidor de Seguridad P\u00fablica y Bienestar Social en el municipio de San Agust\u00edn de las Juntas, en la regi\u00f3n de Valles Centrales- por su probable responsabilidad en el delito de hostigamiento sexual en agravio de la ex polic\u00eda municipal identificada como R. C. V. S.<\/p>\n<p style=\"font-weight: 400; text-align: justify;\">De acuerdo con la carpeta de investigaci\u00f3n 23279\/FMUJ\/USEX\/2021, el 27 de junio de 2021, el imputado le inform\u00f3 a la v\u00edctima -quien entonces laboraba como elemento de la Polic\u00eda Municipal en San Agust\u00edn de las Juntas- que contaba con una boleta de arresto por indisciplina, a trav\u00e9s de la cual comenz\u00f3 a hostigarla laboral y sexualmente, adem\u00e1s de chantajearla con la promesa de un supuesto aumento en caso de acceder a sus pretensiones.<\/p>\n<p style=\"font-weight: 400; text-align: justify;\">Ante este hecho y tras la denuncia presentada, la Instituci\u00f3n de procuraci\u00f3n de justicia inici\u00f3 la investigaci\u00f3n correspondiente a trav\u00e9s de la Fiscal\u00eda Especializada en Atenci\u00f3n a Delitos contra la Mujer por Raz\u00f3n de G\u00e9nero, logrando aprehender y presentar al imputado ante la autoridad judicial que lo requiri\u00f3.<\/p>\n<p style=\"font-weight: 400; text-align: justify;\">En audiencia y tras validar los datos de prueba proporcionados por la FGEO, el Juez en turno determin\u00f3 vincular a proceso a L. P. M. G., otorgando dos meses para el cierre de investigaci\u00f3n complementaria.<\/p>\n<p style=\"font-weight: 400; text-align: justify;\">La Fiscal\u00eda General combate frontalmente la impunidad, presentando ante la justicia y aplicando la Ley sin distingo a quienes resulten responsables de cometer delitos contra la ciudadan\u00eda.<\/p>\n","protected":false},"author":1,"featured_media":3175,"comment_status":"closed","ping_status":"closed","template":"","tags":[],"categoria_noticias":[],"class_list":["post-14913","noticias","type-noticias","status-publish","has-post-thumbnail","hentry"],"acf":[],"mb":[],"mfb_rest_fields":["title","gutenberg_elementor_mode"],"_links":{"self":[{"href":"https:\/\/portal.fgeo.gob.mx\/index.php\/wp-json\/wp\/v2\/noticias\/14913","targetHints":{"allow":["GET"]}}],"collection":[{"href":"https:\/\/portal.fgeo.gob.mx\/index.php\/wp-json\/wp\/v2\/noticias"}],"about":[{"href":"https:\/\/portal.fgeo.gob.mx\/index.php\/wp-json\/wp\/v2\/types\/noticias"}],"author":[{"embeddable":true,"href":"https:\/\/portal.fgeo.gob.mx\/index.php\/wp-json\/wp\/v2\/users\/1"}],"replies":[{"embeddable":true,"href":"https:\/\/portal.fgeo.gob.mx\/index.php\/wp-json\/wp\/v2\/comments?post=14913"}],"wp:featuredmedia":[{"embeddable":true,"href":"https:\/\/portal.fgeo.gob.mx\/index.php\/wp-json\/"}],"wp:attachment":[{"href":"https:\/\/portal.fgeo.gob.mx\/index.php\/wp-json\/wp\/v2\/media?parent=14913"}],"wp:term":[{"taxonomy":"post_tag","embeddable":true,"href":"https:\/\/portal.fgeo.gob.mx\/index.php\/wp-json\/wp\/v2\/tags?post=14913"},{"taxonomy":"categoria_noticias","embeddable":true,"href":"https:\/\/portal.fgeo.gob.mx\/index.php\/wp-json\/wp\/v2\/categoria_noticias?post=14913"}],"curies":[{"name":"wp","href":"https:\/\/api.w.org\/{rel}","templated":true}]}}