{"id":14910,"date":"2022-02-11T11:25:04","date_gmt":"2022-02-11T17:25:04","guid":{"rendered":"http:\/\/fge.oaxaca.gob.mx\/?post_type=noticias&amp;p=4044"},"modified":"2022-02-11T11:25:04","modified_gmt":"2022-02-11T17:25:04","slug":"queda-vinculado-a-proceso-sujeto-probablemente-implicado-en-incidente-armado-ocurrido-en-la-cuenca","status":"publish","type":"noticias","link":"https:\/\/portal.fgeo.gob.mx\/index.php\/archivos\/noticias\/queda-vinculado-a-proceso-sujeto-probablemente-implicado-en-incidente-armado-ocurrido-en-la-cuenca","title":{"rendered":"Queda vinculado a proceso sujeto probablemente implicado en incidente armado ocurrido en la Cuenca"},"content":{"rendered":"<ul>\n<li style=\"font-weight: 400; text-align: justify;\">\u201cPara la Fiscal\u00eda de Oaxaca, es prioritario garantizar el acceso a la justicia para coadyuvar a la preservaci\u00f3n de la paz social en el estado\u201d, se\u00f1al\u00f3 el Fiscal Arturo Peimbert Calvo.<\/li>\n<\/ul>\n<p style=\"font-weight: 400; text-align: justify;\"><strong>\u00a0<\/strong><\/p>\n<p style=\"font-weight: 400; text-align: justify;\"><strong>Oaxaca de Ju\u00e1rez, Oax., 16 de febrero de 2022.-<\/strong>\u00a0La Fiscal\u00eda General del Estado de Oaxaca (FGEO) obtuvo, del Juzgado de Control, auto de vinculaci\u00f3n a proceso contra la persona del sexo masculino identificada como G. C. S., probable responsable del delito de homicidio en grado de tentativa en agravio de una persona de identidad reservada por Ley, ocurrido el pasado 6 de febrero del a\u00f1o en curso en jurisdicci\u00f3n de Loma Bonita, en la regi\u00f3n de la Cuenca.<\/p>\n<p style=\"font-weight: 400; text-align: justify;\">Elementos de la Agencia Estatal de Investigaciones (AEI) cumplimentaron orden de aprehensi\u00f3n -asentada en la causa penal 37\/2022- contra el probable agresor, esto tras un operativo preventivo de disuasi\u00f3n y de detecci\u00f3n, en colaboraci\u00f3n con elementos de la Polic\u00eda Estatal y de la Guardia Nacional, realizado en el referido municipio el 9 de febrero de 2022.<\/p>\n<p style=\"font-weight: 400; text-align: justify;\">Luego de validar los datos de prueba proporcionados por la Vicefiscal\u00eda Regional de la Cuenca, el Juez en turno determin\u00f3 vincular a proceso a G. C. S., imponiendo la medida cautelar de prisi\u00f3n preventiva y otorg\u00f3 tres meses para el cierre de investigaci\u00f3n complementaria.<\/p>\n<p style=\"font-weight: 400; text-align: justify;\">Al respecto, el Fiscal General, Arturo Peimbert Calvo, se\u00f1al\u00f3 que la prioridad de la Fiscal\u00eda General del Estado de Oaxaca es garantizar el acceso a la justicia para coadyuvar a la preservaci\u00f3n de la paz social en el estado.<\/p>\n<p style=\"font-weight: 400; text-align: justify;\">La Fiscal\u00eda General garantiza investigaciones exhaustivas que permitan el esclarecimiento de hechos delictivos en la entidad.<\/p>\n","protected":false},"author":1,"featured_media":3175,"comment_status":"closed","ping_status":"closed","template":"","tags":[],"categoria_noticias":[],"class_list":["post-14910","noticias","type-noticias","status-publish","has-post-thumbnail","hentry"],"acf":[],"mb":[],"mfb_rest_fields":["title","gutenberg_elementor_mode"],"_links":{"self":[{"href":"https:\/\/portal.fgeo.gob.mx\/index.php\/wp-json\/wp\/v2\/noticias\/14910","targetHints":{"allow":["GET"]}}],"collection":[{"href":"https:\/\/portal.fgeo.gob.mx\/index.php\/wp-json\/wp\/v2\/noticias"}],"about":[{"href":"https:\/\/portal.fgeo.gob.mx\/index.php\/wp-json\/wp\/v2\/types\/noticias"}],"author":[{"embeddable":true,"href":"https:\/\/portal.fgeo.gob.mx\/index.php\/wp-json\/wp\/v2\/users\/1"}],"replies":[{"embeddable":true,"href":"https:\/\/portal.fgeo.gob.mx\/index.php\/wp-json\/wp\/v2\/comments?post=14910"}],"wp:featuredmedia":[{"embeddable":true,"href":"https:\/\/portal.fgeo.gob.mx\/index.php\/wp-json\/"}],"wp:attachment":[{"href":"https:\/\/portal.fgeo.gob.mx\/index.php\/wp-json\/wp\/v2\/media?parent=14910"}],"wp:term":[{"taxonomy":"post_tag","embeddable":true,"href":"https:\/\/portal.fgeo.gob.mx\/index.php\/wp-json\/wp\/v2\/tags?post=14910"},{"taxonomy":"categoria_noticias","embeddable":true,"href":"https:\/\/portal.fgeo.gob.mx\/index.php\/wp-json\/wp\/v2\/categoria_noticias?post=14910"}],"curies":[{"name":"wp","href":"https:\/\/api.w.org\/{rel}","templated":true}]}}