{"id":14909,"date":"2022-02-15T21:07:25","date_gmt":"2022-02-16T03:07:25","guid":{"rendered":"http:\/\/fge.oaxaca.gob.mx\/?post_type=noticias&amp;p=4043"},"modified":"2022-02-15T21:07:25","modified_gmt":"2022-02-16T03:07:25","slug":"por-acuerdo-entre-partes-concilia-fiscalia-para-pago-de-reparacion-del-dano-por-homicidio-culposo-en-la-costa","status":"publish","type":"noticias","link":"https:\/\/portal.fgeo.gob.mx\/index.php\/archivos\/noticias\/por-acuerdo-entre-partes-concilia-fiscalia-para-pago-de-reparacion-del-dano-por-homicidio-culposo-en-la-costa","title":{"rendered":"Por acuerdo entre partes, concilia Fiscal\u00eda para pago de reparaci\u00f3n del da\u00f1o por homicidio culposo en la Costa"},"content":{"rendered":"<ul>\n<li style=\"font-weight: 400; text-align: justify;\">La imputada conduc\u00eda en estado de ebriedad cuando atropell\u00f3 a un ni\u00f1o que perdi\u00f3 la vida en Santa Catarina Juquila.<\/li>\n<\/ul>\n<p style=\"font-weight: 400; text-align: justify;\"><strong>Oaxaca de Ju\u00e1rez, Oax., 15 de febrero de 2022.-<\/strong>\u00a0La Fiscal\u00eda General del Estado de Oaxaca (FGEO) a trav\u00e9s de sus mecanismos alternativos de soluci\u00f3n de controversias y justicia restaurativa, lograron establecer las condiciones entre las partes para lograr un acuerdo reparatorio apegado a lo que establece la ley, luego del homicidio culposo cometido por la conductora de un veh\u00edculo quien atropell\u00f3 a un ni\u00f1o que perdi\u00f3 la vida en Santa Catarina Juquila.<\/p>\n<p style=\"font-weight: 400; text-align: justify;\">La Fiscal\u00eda General del Estado de Oaxaca (FGEO) actu\u00f3 como intermediaria para conciliar entre las partes para que lograran un acuerdo reparatorio apegado a lo que establece la ley, luego del homicidio culposo cometido por la conductora de un veh\u00edculo quien atropell\u00f3 a un ni\u00f1o que perdi\u00f3 la vida en Santa Catarina Juquila.<\/p>\n<p style=\"font-weight: 400; text-align: justify;\">Los hechos sucedieron la tarde del 13 de febrero de 2022, cuando la imputada, identificada como F. G. S. conduc\u00eda una camioneta marca Jeep por calles del Barrio la Asunci\u00f3n en Santa Catarina Juquila cuando provoc\u00f3 el incidente en el que un ni\u00f1o de tres a\u00f1os perdi\u00f3 la vida.<\/p>\n<p style=\"font-weight: 400; text-align: justify;\">Ante esta situaci\u00f3n, la Vicefiscal\u00eda Regional de la Costa inici\u00f3 la carpeta de investigaci\u00f3n 5023\/FCOS\/PUERTO\/2022 por el delito de homicidio culposo.<\/p>\n<p style=\"font-weight: 400; text-align: justify;\">Al tomar parte los peritos de la Fiscal\u00eda, determinaron que la imputada conduc\u00eda en estado de ebriedad, por lo que fue puesta a disposici\u00f3n de la Fiscal\u00eda Local de Puerto Escondido.<\/p>\n<p style=\"font-weight: 400; text-align: justify;\">Este 15 de febrero de 2022, la v\u00edctima indirecta y la imputada signaron un acuerdo reparatorio en el que la ciudadana F. G. S. se comprometi\u00f3 a pagar la reparaci\u00f3n del da\u00f1o conforme lo marca la ley.<\/p>\n","protected":false},"author":1,"featured_media":3175,"comment_status":"closed","ping_status":"closed","template":"","tags":[],"categoria_noticias":[],"class_list":["post-14909","noticias","type-noticias","status-publish","has-post-thumbnail","hentry"],"acf":[],"mb":[],"mfb_rest_fields":["title","gutenberg_elementor_mode"],"_links":{"self":[{"href":"https:\/\/portal.fgeo.gob.mx\/index.php\/wp-json\/wp\/v2\/noticias\/14909","targetHints":{"allow":["GET"]}}],"collection":[{"href":"https:\/\/portal.fgeo.gob.mx\/index.php\/wp-json\/wp\/v2\/noticias"}],"about":[{"href":"https:\/\/portal.fgeo.gob.mx\/index.php\/wp-json\/wp\/v2\/types\/noticias"}],"author":[{"embeddable":true,"href":"https:\/\/portal.fgeo.gob.mx\/index.php\/wp-json\/wp\/v2\/users\/1"}],"replies":[{"embeddable":true,"href":"https:\/\/portal.fgeo.gob.mx\/index.php\/wp-json\/wp\/v2\/comments?post=14909"}],"wp:featuredmedia":[{"embeddable":true,"href":"https:\/\/portal.fgeo.gob.mx\/index.php\/wp-json\/"}],"wp:attachment":[{"href":"https:\/\/portal.fgeo.gob.mx\/index.php\/wp-json\/wp\/v2\/media?parent=14909"}],"wp:term":[{"taxonomy":"post_tag","embeddable":true,"href":"https:\/\/portal.fgeo.gob.mx\/index.php\/wp-json\/wp\/v2\/tags?post=14909"},{"taxonomy":"categoria_noticias","embeddable":true,"href":"https:\/\/portal.fgeo.gob.mx\/index.php\/wp-json\/wp\/v2\/categoria_noticias?post=14909"}],"curies":[{"name":"wp","href":"https:\/\/api.w.org\/{rel}","templated":true}]}}