{"id":14908,"date":"2022-02-15T13:24:14","date_gmt":"2022-02-15T19:24:14","guid":{"rendered":"http:\/\/fge.oaxaca.gob.mx\/?post_type=noticias&amp;p=4042"},"modified":"2022-02-15T13:24:14","modified_gmt":"2022-02-15T19:24:14","slug":"obtiene-fgeo-auto-de-vinculacion-a-proceso-y-envia-a-prision-a-probable-homicida-del-distrito-de-teposcolula","status":"publish","type":"noticias","link":"https:\/\/portal.fgeo.gob.mx\/index.php\/archivos\/noticias\/obtiene-fgeo-auto-de-vinculacion-a-proceso-y-envia-a-prision-a-probable-homicida-del-distrito-de-teposcolula","title":{"rendered":"Obtiene FGEO auto de vinculaci\u00f3n a proceso y env\u00eda a prisi\u00f3n a probable homicida del Distrito de Teposcolula"},"content":{"rendered":"<p style=\"font-weight: 400; text-align: justify;\"><strong>Oaxaca de Ju\u00e1rez, Oax., 15 de febrero de 2022.-<\/strong>\u00a0La Fiscal\u00eda General del Estado de Oaxaca (FGEO) obtuvo, del Juzgado de Control, auto de vinculaci\u00f3n a proceso contra la persona del sexo masculino identificado como E. C. L., probable responsable del delito de homicidio calificado en agravio de quien en vida respondi\u00f3 al nombre de G. C. C., cometido en jurisdicci\u00f3n de Santo Domingo Tonaltepec, Distrito de Teposcolula, en la regi\u00f3n de la Mixteca.<\/p>\n<p style=\"font-weight: 400; text-align: justify;\">De acuerdo con la causa penal 028\/2022, los hechos sucedieron el 6 de febrero de 2022, cuando el imputado agredi\u00f3 con un arma blanca (cuchillo) a la v\u00edctima, ocasion\u00e1ndole lesiones que le provocaron la muerte, hechos que ocurrieron en inmediaciones del paraje denominado \u201cLoma del Moral\u201d, perteneciente a Tonaltepec.<\/p>\n<p style=\"font-weight: 400; text-align: justify;\">Tras ser detenido en flagrancia y presentado ante la autoridad judicial que lo requiri\u00f3, la FGEO realiz\u00f3 las pesquisas correspondientes y tras validar los datos de prueba presentados por la Vicefiscal\u00eda Regional de la Mixteca, el Juez en turno determin\u00f3 vincular a proceso a E. C. L., imponiendo la medida cautelar de prisi\u00f3n preventiva oficiosa y otorg\u00f3 cinco meses para el cierre de investigaci\u00f3n complementaria.<\/p>\n<p style=\"font-weight: 400; text-align: justify;\">La Fiscal\u00eda General combate la impunidad, presentando ante la justicia y aplicando todo el rigor de la Ley a quienes cometen delitos que alteran la paz social.<\/p>\n","protected":false},"author":1,"featured_media":3175,"comment_status":"closed","ping_status":"closed","template":"","tags":[],"categoria_noticias":[],"class_list":["post-14908","noticias","type-noticias","status-publish","has-post-thumbnail","hentry"],"acf":[],"mb":[],"mfb_rest_fields":["title","gutenberg_elementor_mode"],"_links":{"self":[{"href":"https:\/\/portal.fgeo.gob.mx\/index.php\/wp-json\/wp\/v2\/noticias\/14908","targetHints":{"allow":["GET"]}}],"collection":[{"href":"https:\/\/portal.fgeo.gob.mx\/index.php\/wp-json\/wp\/v2\/noticias"}],"about":[{"href":"https:\/\/portal.fgeo.gob.mx\/index.php\/wp-json\/wp\/v2\/types\/noticias"}],"author":[{"embeddable":true,"href":"https:\/\/portal.fgeo.gob.mx\/index.php\/wp-json\/wp\/v2\/users\/1"}],"replies":[{"embeddable":true,"href":"https:\/\/portal.fgeo.gob.mx\/index.php\/wp-json\/wp\/v2\/comments?post=14908"}],"wp:featuredmedia":[{"embeddable":true,"href":"https:\/\/portal.fgeo.gob.mx\/index.php\/wp-json\/"}],"wp:attachment":[{"href":"https:\/\/portal.fgeo.gob.mx\/index.php\/wp-json\/wp\/v2\/media?parent=14908"}],"wp:term":[{"taxonomy":"post_tag","embeddable":true,"href":"https:\/\/portal.fgeo.gob.mx\/index.php\/wp-json\/wp\/v2\/tags?post=14908"},{"taxonomy":"categoria_noticias","embeddable":true,"href":"https:\/\/portal.fgeo.gob.mx\/index.php\/wp-json\/wp\/v2\/categoria_noticias?post=14908"}],"curies":[{"name":"wp","href":"https:\/\/api.w.org\/{rel}","templated":true}]}}