{"id":14907,"date":"2022-02-13T23:33:03","date_gmt":"2022-02-14T05:33:03","guid":{"rendered":"http:\/\/fge.oaxaca.gob.mx\/?post_type=noticias&amp;p=4041"},"modified":"2022-02-13T23:33:03","modified_gmt":"2022-02-14T05:33:03","slug":"investiga-fgeo-ataque-armado-ocurrido-en-el-istmo-de-tehuantepec","status":"publish","type":"noticias","link":"https:\/\/portal.fgeo.gob.mx\/index.php\/archivos\/noticias\/investiga-fgeo-ataque-armado-ocurrido-en-el-istmo-de-tehuantepec","title":{"rendered":"Investiga FGEO ataque armado ocurrido en el Istmo de Tehuantepec"},"content":{"rendered":"<ul>\n<li style=\"font-weight: 400; text-align: justify;\">A ra\u00edz de esta agresi\u00f3n, dos personas perdieron la vida y adem\u00e1s que otras resultaron heridas por disparo de arma de fuego, entre ellas el edil de Tapanatepec.<\/li>\n<\/ul>\n<ul style=\"text-align: justify;\">\n<li style=\"font-weight: 400;\">La FGEO despleg\u00f3 a su personal multidisciplinario y compromete una investigaci\u00f3n exhaustiva para dar con los responsables de este crimen.<\/li>\n<\/ul>\n<p style=\"font-weight: 400; text-align: justify;\"><strong>Oaxaca de Ju\u00e1rez, Oax., 13 de febrero de 2022.-<\/strong>\u00a0La Fiscal\u00eda General del Estado de Oaxaca (FGEO) realizar\u00e1 una exhaustiva investigaci\u00f3n tras la agresi\u00f3n armada suscitada la tarde de este domingo, en la Carretera Federal 190 en el tramo Tapanatepec-Chahuites, en la regi\u00f3n del Istmo de Tehuantepec.<\/p>\n<p style=\"font-weight: 400; text-align: justify;\">A ra\u00edz de esta agresi\u00f3n, dos personas del sexo masculino perdieron la vida adem\u00e1s que hay personas que sobrevivieron pero resultaron heridas por disparo de arma de fuego, entre ellas el edil de San Pedro Tapanatepec, identificado como H. L. P., quien recibe atenci\u00f3n m\u00e9dica especializada y cuyo estado de salud se reporta estable.<\/p>\n<p style=\"font-weight: 400; text-align: justify;\">Por este hecho, la FGEO despleg\u00f3 de manera inmediata a su personal multidisciplinario en el lugar de los hechos, consistente en personal pericial, agentes del Ministerio P\u00fablico y elementos de la Agencia Estatal de Investigaciones (AEI) e inici\u00f3 la carpeta de investigaci\u00f3n 5910\/FIST\/ZANATEPEC\/2022, por los delitos de homicidio calificado y tentativa de homicidio, a fin de esclarecer con prontitud este crimen y dar con los responsables.<\/p>\n<p style=\"font-weight: 400; text-align: justify;\">Asimismo, en cumplimiento a la Ley General de V\u00edctimas, la Instituci\u00f3n de procuraci\u00f3n de justicia brinda medidas de protecci\u00f3n a las v\u00edctimas directas e indirectas.<\/p>\n<p style=\"font-weight: 400; text-align: justify;\">La Fiscal\u00eda General refrenda su firme compromiso con la justicia y reitera su convicci\u00f3n de no permitir actos violentos contra servidores p\u00fablicos.<\/p>\n","protected":false},"author":1,"featured_media":3175,"comment_status":"closed","ping_status":"closed","template":"","tags":[],"categoria_noticias":[],"class_list":["post-14907","noticias","type-noticias","status-publish","has-post-thumbnail","hentry"],"acf":[],"mb":[],"mfb_rest_fields":["title","gutenberg_elementor_mode"],"_links":{"self":[{"href":"https:\/\/portal.fgeo.gob.mx\/index.php\/wp-json\/wp\/v2\/noticias\/14907","targetHints":{"allow":["GET"]}}],"collection":[{"href":"https:\/\/portal.fgeo.gob.mx\/index.php\/wp-json\/wp\/v2\/noticias"}],"about":[{"href":"https:\/\/portal.fgeo.gob.mx\/index.php\/wp-json\/wp\/v2\/types\/noticias"}],"author":[{"embeddable":true,"href":"https:\/\/portal.fgeo.gob.mx\/index.php\/wp-json\/wp\/v2\/users\/1"}],"replies":[{"embeddable":true,"href":"https:\/\/portal.fgeo.gob.mx\/index.php\/wp-json\/wp\/v2\/comments?post=14907"}],"wp:featuredmedia":[{"embeddable":true,"href":"https:\/\/portal.fgeo.gob.mx\/index.php\/wp-json\/"}],"wp:attachment":[{"href":"https:\/\/portal.fgeo.gob.mx\/index.php\/wp-json\/wp\/v2\/media?parent=14907"}],"wp:term":[{"taxonomy":"post_tag","embeddable":true,"href":"https:\/\/portal.fgeo.gob.mx\/index.php\/wp-json\/wp\/v2\/tags?post=14907"},{"taxonomy":"categoria_noticias","embeddable":true,"href":"https:\/\/portal.fgeo.gob.mx\/index.php\/wp-json\/wp\/v2\/categoria_noticias?post=14907"}],"curies":[{"name":"wp","href":"https:\/\/api.w.org\/{rel}","templated":true}]}}