{"id":14904,"date":"2022-02-12T14:00:07","date_gmt":"2022-02-12T20:00:07","guid":{"rendered":"http:\/\/fge.oaxaca.gob.mx\/?post_type=noticias&amp;p=4038"},"modified":"2022-02-12T14:00:07","modified_gmt":"2022-02-12T20:00:07","slug":"para-garantizar-proceso-penal-y-seguridad-de-imputados-trasladan-a-dos-probables-homicidas-de-periodista-crimen-cometido-en-el-istmo","status":"publish","type":"noticias","link":"https:\/\/portal.fgeo.gob.mx\/index.php\/archivos\/noticias\/para-garantizar-proceso-penal-y-seguridad-de-imputados-trasladan-a-dos-probables-homicidas-de-periodista-crimen-cometido-en-el-istmo","title":{"rendered":"Para garantizar proceso penal y seguridad de imputados, trasladan a dos probables homicidas de periodista; crimen cometido en el Istmo"},"content":{"rendered":"<p style=\"text-align: justify;\"><strong>Oaxaca de Ju\u00e1rez, Oax., 12 de febrero de 2022.-<\/strong>\u00a0La Fiscal\u00eda General del Estado de Oaxaca (FGEO), en estrecha coordinaci\u00f3n con la Guardia Nacional (GN), Secretar\u00eda de la Defensa Nacional (Sedena), Secretar\u00eda de Marina (Semar) y la Secretar\u00eda de Seguridad P\u00fablica de Oaxaca (SSPO), realizaron el traslado de dos personas detenidas por su presunta responsabilidad en el homicidio de un periodista cometido en Salina Cruz, en el Istmo de Tehuantepec.<\/p>\n<p style=\"text-align: justify;\">\n<p style=\"text-align: justify;\">La decisi\u00f3n de trasladar a R. E. C. y R. G. R. al penal varonil de Tanivet, en Tlacolula de Matamoros, se dio para garantizar la seguridad de los imputados y que se realicen sin contratiempos las audiencias ante el Juez programadas en el proceso penal por homicidio calificado que se sigue contra ambos probables responsable, como consta en la averiguaci\u00f3n previa 4748\/FIST\/SALINA\/2022.<\/p>\n<p style=\"text-align: justify;\">\n<p style=\"text-align: justify;\">Durante la ma\u00f1ana de este s\u00e1bado 12 de febrero de 2022, un helic\u00f3ptero de la Guardia Nacional apoy\u00f3 para que los imputados fueran trasladados v\u00eda a\u00e9rea hasta los Valles Centrales de Oaxaca, donde quedaron internados en el Centro Penitenciario Varonil de Tanivet.<\/p>\n<p style=\"text-align: justify;\">\n<p style=\"text-align: justify;\">En este despliegue participaron cinco mandos y 40 elementos de diferentes corporaciones como la Agencia Estatal de Investigaciones (AEI), Guardia Nacional (GN), Secretar\u00eda de la Defensa Nacional (Sedena), Secretar\u00eda de Marina (Semar) y la Polic\u00eda Estatal.<\/p>\n<p style=\"text-align: justify;\">\n<p style=\"text-align: justify;\">El homicidio del periodista H. F. L. V., sucedi\u00f3 la noche del pasado 10 de febrero, en calles del Barrio El Espinal del municipio de Salina Cruz, cuando dos personas interceptaron a la v\u00edctima y le dispararon cuando ingresaba a un domicilio, provocando heridas que terminaron con su vida.<\/p>\n<p style=\"text-align: justify;\">\n<p style=\"text-align: justify;\">Garantizar el acceso pleno a la justicia para abatir la impunidad en Oaxaca, es uno de los compromisos prioritarios de la Fiscal\u00eda General del Estado de Oaxaca.<\/p>\n","protected":false},"author":1,"featured_media":3175,"comment_status":"closed","ping_status":"closed","template":"","tags":[],"categoria_noticias":[],"class_list":["post-14904","noticias","type-noticias","status-publish","has-post-thumbnail","hentry"],"acf":[],"mb":[],"mfb_rest_fields":["title","gutenberg_elementor_mode"],"_links":{"self":[{"href":"https:\/\/portal.fgeo.gob.mx\/index.php\/wp-json\/wp\/v2\/noticias\/14904","targetHints":{"allow":["GET"]}}],"collection":[{"href":"https:\/\/portal.fgeo.gob.mx\/index.php\/wp-json\/wp\/v2\/noticias"}],"about":[{"href":"https:\/\/portal.fgeo.gob.mx\/index.php\/wp-json\/wp\/v2\/types\/noticias"}],"author":[{"embeddable":true,"href":"https:\/\/portal.fgeo.gob.mx\/index.php\/wp-json\/wp\/v2\/users\/1"}],"replies":[{"embeddable":true,"href":"https:\/\/portal.fgeo.gob.mx\/index.php\/wp-json\/wp\/v2\/comments?post=14904"}],"wp:featuredmedia":[{"embeddable":true,"href":"https:\/\/portal.fgeo.gob.mx\/index.php\/wp-json\/"}],"wp:attachment":[{"href":"https:\/\/portal.fgeo.gob.mx\/index.php\/wp-json\/wp\/v2\/media?parent=14904"}],"wp:term":[{"taxonomy":"post_tag","embeddable":true,"href":"https:\/\/portal.fgeo.gob.mx\/index.php\/wp-json\/wp\/v2\/tags?post=14904"},{"taxonomy":"categoria_noticias","embeddable":true,"href":"https:\/\/portal.fgeo.gob.mx\/index.php\/wp-json\/wp\/v2\/categoria_noticias?post=14904"}],"curies":[{"name":"wp","href":"https:\/\/api.w.org\/{rel}","templated":true}]}}