{"id":14902,"date":"2022-02-11T14:57:02","date_gmt":"2022-02-11T20:57:02","guid":{"rendered":"http:\/\/fge.oaxaca.gob.mx\/?post_type=noticias&amp;p=4036"},"modified":"2022-02-11T14:57:02","modified_gmt":"2022-02-11T20:57:02","slug":"por-el-delito-de-violencia-familiar-vinculamos-a-proceso-a-probable-responsable-de-hechos-suscitados-en-el-distrito-de-tlaxiaco","status":"publish","type":"noticias","link":"https:\/\/portal.fgeo.gob.mx\/index.php\/archivos\/noticias\/por-el-delito-de-violencia-familiar-vinculamos-a-proceso-a-probable-responsable-de-hechos-suscitados-en-el-distrito-de-tlaxiaco","title":{"rendered":"Por el delito de violencia familiar, vinculamos a proceso a probable responsable de hechos suscitados en el distrito de Tlaxiaco"},"content":{"rendered":"<p style=\"font-weight: 400; text-align: justify;\"><strong>Oaxaca de Ju\u00e1rez, Oax., 11 de febrero de 2022.-<\/strong>\u00a0La Fiscal\u00eda General del Estado de Oaxaca (FGEO) obtuvo auto de vinculaci\u00f3n a proceso contra una persona del sexo masculino identificada como A. S. H., se\u00f1alado como probable responsable del delito de violencia familiar en contra de una mujer identificada como V. L. H. (concubina), cometido en febrero de 2019, en jurisdicci\u00f3n de Santiago Nundiche, distrito de Tlaxiaco.<\/p>\n<p style=\"font-weight: 400; text-align: justify;\">De acuerdo con la causa penal 47\/2019, el 4 de febrero de 2019, el imputado probablemente agredi\u00f3 de manera f\u00edsica a la v\u00edctima cuando se encontraba en su domicilio particular, ubicado en inmediaciones de la localidad de Hidalgo, perteneciente a la referida demarcaci\u00f3n.<\/p>\n<p style=\"font-weight: 400; text-align: justify;\">Ante estos hechos y tras la denuncia presentada, la Instituci\u00f3n de procuraci\u00f3n de justicia atrajo la investigaci\u00f3n -a trav\u00e9s de la Vicefiscal\u00eda Regional de la Mixteca-, logrando presentar ante el Juzgado de Control al probable responsable.<\/p>\n<p style=\"font-weight: 400; text-align: justify;\">En audiencia, el Juez en turno determin\u00f3 vincular a proceso a A. S. H. y otorg\u00f3 un mes para el cierre de investigaci\u00f3n complementaria<\/p>\n<p style=\"font-weight: 400; text-align: justify;\">La Fiscal\u00eda General reitera en los hechos su compromiso de llevar ante la Justicia a todo aquel que vulnere los derechos y la integridad de mujeres, ni\u00f1as, ni\u00f1os y adolescentes.<\/p>\n","protected":false},"author":1,"featured_media":3175,"comment_status":"closed","ping_status":"closed","template":"","tags":[],"categoria_noticias":[],"class_list":["post-14902","noticias","type-noticias","status-publish","has-post-thumbnail","hentry"],"acf":[],"mb":[],"mfb_rest_fields":["title","gutenberg_elementor_mode"],"_links":{"self":[{"href":"https:\/\/portal.fgeo.gob.mx\/index.php\/wp-json\/wp\/v2\/noticias\/14902","targetHints":{"allow":["GET"]}}],"collection":[{"href":"https:\/\/portal.fgeo.gob.mx\/index.php\/wp-json\/wp\/v2\/noticias"}],"about":[{"href":"https:\/\/portal.fgeo.gob.mx\/index.php\/wp-json\/wp\/v2\/types\/noticias"}],"author":[{"embeddable":true,"href":"https:\/\/portal.fgeo.gob.mx\/index.php\/wp-json\/wp\/v2\/users\/1"}],"replies":[{"embeddable":true,"href":"https:\/\/portal.fgeo.gob.mx\/index.php\/wp-json\/wp\/v2\/comments?post=14902"}],"wp:featuredmedia":[{"embeddable":true,"href":"https:\/\/portal.fgeo.gob.mx\/index.php\/wp-json\/"}],"wp:attachment":[{"href":"https:\/\/portal.fgeo.gob.mx\/index.php\/wp-json\/wp\/v2\/media?parent=14902"}],"wp:term":[{"taxonomy":"post_tag","embeddable":true,"href":"https:\/\/portal.fgeo.gob.mx\/index.php\/wp-json\/wp\/v2\/tags?post=14902"},{"taxonomy":"categoria_noticias","embeddable":true,"href":"https:\/\/portal.fgeo.gob.mx\/index.php\/wp-json\/wp\/v2\/categoria_noticias?post=14902"}],"curies":[{"name":"wp","href":"https:\/\/api.w.org\/{rel}","templated":true}]}}