{"id":14900,"date":"2022-02-11T13:26:16","date_gmt":"2022-02-11T19:26:16","guid":{"rendered":"http:\/\/fge.oaxaca.gob.mx\/?post_type=noticias&amp;p=4034"},"modified":"2022-02-11T13:26:16","modified_gmt":"2022-02-11T19:26:16","slug":"queda-vinculado-a-proceso-sujeto-que-atento-contra-la-vida-de-una-mujer-en-la-region-de-la-canada","status":"publish","type":"noticias","link":"https:\/\/portal.fgeo.gob.mx\/index.php\/archivos\/noticias\/queda-vinculado-a-proceso-sujeto-que-atento-contra-la-vida-de-una-mujer-en-la-region-de-la-canada","title":{"rendered":"Queda vinculado a proceso sujeto que atent\u00f3 contra la vida de una mujer en la regi\u00f3n de la Ca\u00f1ada"},"content":{"rendered":"<p style=\"font-weight: 400; text-align: justify;\"><strong>Oaxaca de Ju\u00e1rez, Oax., 11 de febrero de 2022.-\u00a0<\/strong>La Fiscal\u00eda General del Estado de Oaxaca (FGEO) obtuvo auto de vinculaci\u00f3n a proceso contra la persona del sexo masculino identificada como H. R. O., probable responsable del delito de tentativa de feminicidio en agravio de E. M. M., cometido en jurisdicci\u00f3n de Chiquihuitl\u00e1n de Benito Ju\u00e1rez, Distrito de Cuicatl\u00e1n, en la regi\u00f3n de la Ca\u00f1ada.<\/p>\n<p style=\"font-weight: 400; text-align: justify;\">De acuerdo con los hechos asentados en la causa penal 13\/2022, el imputado ingres\u00f3 al domicilio particular de la v\u00edctima, ubicado en el referido municipio, y la agredi\u00f3 con un objeto corto contundente (machete), atentando contra su vida.<\/p>\n<p style=\"font-weight: 400; text-align: justify;\">Ante estos hechos y tras la denuncia presentada, la Instituci\u00f3n de procuraci\u00f3n de justicia inici\u00f3 una exhaustiva investigaci\u00f3n, logrando aprehender y presentar ante al imputado ante el Juzgado de Control.<\/p>\n<p style=\"font-weight: 400; text-align: justify;\">En audiencia y tras validar los datos de prueba proporcionados por la Vicefiscal\u00eda General de Control Regional, el Juez en turno determin\u00f3 vincular a proceso al probable agresor, imponi\u00e9ndole la medida cautelar de prisi\u00f3n preventiva oficiosa.<\/p>\n<p style=\"font-weight: 400; text-align: justify;\">La Fiscal\u00eda General combate la violencia de g\u00e9nero, aplicando todo el rigor de la Ley a quienes resulten responsables, garantizando justicia plena a las v\u00edctimas.<\/p>\n","protected":false},"author":1,"featured_media":3175,"comment_status":"closed","ping_status":"closed","template":"","tags":[],"categoria_noticias":[],"class_list":["post-14900","noticias","type-noticias","status-publish","has-post-thumbnail","hentry"],"acf":[],"mb":[],"mfb_rest_fields":["title","gutenberg_elementor_mode"],"_links":{"self":[{"href":"https:\/\/portal.fgeo.gob.mx\/index.php\/wp-json\/wp\/v2\/noticias\/14900","targetHints":{"allow":["GET"]}}],"collection":[{"href":"https:\/\/portal.fgeo.gob.mx\/index.php\/wp-json\/wp\/v2\/noticias"}],"about":[{"href":"https:\/\/portal.fgeo.gob.mx\/index.php\/wp-json\/wp\/v2\/types\/noticias"}],"author":[{"embeddable":true,"href":"https:\/\/portal.fgeo.gob.mx\/index.php\/wp-json\/wp\/v2\/users\/1"}],"replies":[{"embeddable":true,"href":"https:\/\/portal.fgeo.gob.mx\/index.php\/wp-json\/wp\/v2\/comments?post=14900"}],"wp:featuredmedia":[{"embeddable":true,"href":"https:\/\/portal.fgeo.gob.mx\/index.php\/wp-json\/"}],"wp:attachment":[{"href":"https:\/\/portal.fgeo.gob.mx\/index.php\/wp-json\/wp\/v2\/media?parent=14900"}],"wp:term":[{"taxonomy":"post_tag","embeddable":true,"href":"https:\/\/portal.fgeo.gob.mx\/index.php\/wp-json\/wp\/v2\/tags?post=14900"},{"taxonomy":"categoria_noticias","embeddable":true,"href":"https:\/\/portal.fgeo.gob.mx\/index.php\/wp-json\/wp\/v2\/categoria_noticias?post=14900"}],"curies":[{"name":"wp","href":"https:\/\/api.w.org\/{rel}","templated":true}]}}