{"id":14898,"date":"2022-02-10T21:39:24","date_gmt":"2022-02-11T03:39:24","guid":{"rendered":"http:\/\/fge.oaxaca.gob.mx\/?post_type=noticias&amp;p=4032"},"modified":"2022-02-10T21:39:24","modified_gmt":"2022-02-11T03:39:24","slug":"fiscalia-de-oaxaca-investiga-a-dos-personas-detenidas-por-su-probable-participacion-en-homicidio-de-periodista-cometido-en-el-istmo","status":"publish","type":"noticias","link":"https:\/\/portal.fgeo.gob.mx\/index.php\/archivos\/noticias\/fiscalia-de-oaxaca-investiga-a-dos-personas-detenidas-por-su-probable-participacion-en-homicidio-de-periodista-cometido-en-el-istmo","title":{"rendered":"Fiscal\u00eda de Oaxaca investiga a dos personas detenidas por su probable participaci\u00f3n en homicidio de periodista cometido en el Istmo"},"content":{"rendered":"<ul>\n<li style=\"font-weight: 400; text-align: justify;\">Tras el lamentable asesinato del comunicador, dos probables responsables fueron capturados y se trabaja para que las v\u00edctimas tengan acceso a la justicia.<\/li>\n<\/ul>\n<p style=\"font-weight: 400; text-align: justify;\"><strong>\u00a0<\/strong><\/p>\n<p style=\"font-weight: 400; text-align: justify;\"><strong>Oaxaca de Ju\u00e1rez, Oax., 10 de febrero de 2022.-<\/strong>\u00a0La Fiscal\u00eda General del Estado de Oaxaca (FGEO) investiga a dos personas detenidas por su probable responsabilidad en el homicidio del periodista identificado con las iniciales H. F. L. V., quien falleci\u00f3 tras ser v\u00edctima de un ataque con arma de fuego ocurrido en calles del puerto de Salina Cruz, en el Istmo de Tehuantepec.<\/p>\n<p style=\"font-weight: 400; text-align: justify;\">La Vicefiscal\u00eda Regional del Istmo inici\u00f3 la carpeta de investigaci\u00f3n 4748\/FIST\/SALINA\/2022, en contra de dos probables responsables, los hombres identificados como R. G. R. y R.E.C.<\/p>\n<p style=\"font-weight: 400; text-align: justify;\">Los hechos ocurrieron la tarde de este jueves 10 de febrero de 2022, en el Barrio El Espinal del municipio de Salina Cruz, cuando dos personas interceptaron a la v\u00edctima y le dispararon cuando ingresaba a un domicilio. Las heridas infligidas le provocaron la muerte a H. F. L. V.<\/p>\n<p style=\"font-weight: 400; text-align: justify;\">Tras la agresi\u00f3n, los materiales emprendieron la huida, pero gracias a la intervenci\u00f3n de la Polic\u00eda Municipal de Salina Cruz los dos probables responsables fueron detenidos, a quienes aseguraron un arma de fuego.<\/p>\n<p style=\"font-weight: 400; text-align: justify;\">Al tener conocimiento del caso, la Fiscal\u00eda de Oaxaca intervino en el procesamiento del lugar de donde trabajan peritos y elementos de la Agencia Estatal de Investigaciones.<\/p>\n<p style=\"font-weight: 400; text-align: justify;\">Combatir la impunidad en agresiones contra periodistas y comunicadores es un compromiso prioritario de la FGEO para garantizar la libertad de expresi\u00f3n en nuestro estado.<\/p>\n","protected":false},"author":1,"featured_media":3175,"comment_status":"closed","ping_status":"closed","template":"","tags":[],"categoria_noticias":[],"class_list":["post-14898","noticias","type-noticias","status-publish","has-post-thumbnail","hentry"],"acf":[],"mb":[],"mfb_rest_fields":["title","gutenberg_elementor_mode"],"_links":{"self":[{"href":"https:\/\/portal.fgeo.gob.mx\/index.php\/wp-json\/wp\/v2\/noticias\/14898","targetHints":{"allow":["GET"]}}],"collection":[{"href":"https:\/\/portal.fgeo.gob.mx\/index.php\/wp-json\/wp\/v2\/noticias"}],"about":[{"href":"https:\/\/portal.fgeo.gob.mx\/index.php\/wp-json\/wp\/v2\/types\/noticias"}],"author":[{"embeddable":true,"href":"https:\/\/portal.fgeo.gob.mx\/index.php\/wp-json\/wp\/v2\/users\/1"}],"replies":[{"embeddable":true,"href":"https:\/\/portal.fgeo.gob.mx\/index.php\/wp-json\/wp\/v2\/comments?post=14898"}],"wp:featuredmedia":[{"embeddable":true,"href":"https:\/\/portal.fgeo.gob.mx\/index.php\/wp-json\/"}],"wp:attachment":[{"href":"https:\/\/portal.fgeo.gob.mx\/index.php\/wp-json\/wp\/v2\/media?parent=14898"}],"wp:term":[{"taxonomy":"post_tag","embeddable":true,"href":"https:\/\/portal.fgeo.gob.mx\/index.php\/wp-json\/wp\/v2\/tags?post=14898"},{"taxonomy":"categoria_noticias","embeddable":true,"href":"https:\/\/portal.fgeo.gob.mx\/index.php\/wp-json\/wp\/v2\/categoria_noticias?post=14898"}],"curies":[{"name":"wp","href":"https:\/\/api.w.org\/{rel}","templated":true}]}}