{"id":14897,"date":"2022-02-10T11:38:44","date_gmt":"2022-02-10T17:38:44","guid":{"rendered":"http:\/\/fge.oaxaca.gob.mx\/?post_type=noticias&amp;p=4031"},"modified":"2022-02-10T11:38:44","modified_gmt":"2022-02-10T17:38:44","slug":"gracias-a-labor-de-inteligencia-localizamos-a-joven-reportada-como-no-localizada-en-la-region-de-la-cuenca-fgeo","status":"publish","type":"noticias","link":"https:\/\/portal.fgeo.gob.mx\/index.php\/archivos\/noticias\/gracias-a-labor-de-inteligencia-localizamos-a-joven-reportada-como-no-localizada-en-la-region-de-la-cuenca-fgeo","title":{"rendered":"Gracias a labor de inteligencia, localizamos a joven reportada como no localizada en la regi\u00f3n de la Cuenca: FGEO"},"content":{"rendered":"<p style=\"font-weight: 400; text-align: justify;\"><strong>Oaxaca de Ju\u00e1rez, Oax., 10 de febrero de 2022.-<\/strong>\u00a0Luego de una exhaustiva labor de inteligencia, la Fiscal\u00eda General del Estado de Oaxaca (FGEO) logr\u00f3 localizar y presentar ante la autoridad ministerial correspondiente a la persona del sexo femenino identificada como J. M. V. A., reportada por sus familiares como no localizada, en San Felipe Jalapa de D\u00edaz, en la regi\u00f3n de la Cuenca del Papaloapan.<\/p>\n<p style=\"font-weight: 400; text-align: justify;\">De acuerdo a la carpeta de investigaci\u00f3n 4522\/FCUE\/TUXTEPEC\/2022, el pasado 8 de febrero de 2022, la joven antes mencionada sali\u00f3 de su domicilio particular, ubicado en inmediaciones de la referida demarcaci\u00f3n, sin que sus familiares tuvieran noticias de su paradero, motivo por el cual denunciaron su desaparici\u00f3n.<\/p>\n<p style=\"font-weight: 400; text-align: justify;\">Ante este hecho, la Vicefiscal\u00eda Regional de la Cuenca atrajo el caso y tras un operativo de b\u00fasqueda realizado por elementos de la Agencia Estatal de Investigaciones (AEI) se logr\u00f3 localizar a la joven J. M. V. A. en inmediaciones de un parque, ubicado en la colonia La Piragua, perteneciente al municipio de San Juan Bautista Tuxtepec. Posteriormente, la joven fue presentada de forma inmediata ante el Ministerio P\u00fablico.<\/p>\n<p style=\"font-weight: 400; text-align: justify;\">La Fiscal\u00eda General atiende de manera oportuna casos de personas reportadas como no localizadas y desaparecidas en la entidad.<\/p>\n","protected":false},"author":1,"featured_media":3175,"comment_status":"closed","ping_status":"closed","template":"","tags":[],"categoria_noticias":[],"class_list":["post-14897","noticias","type-noticias","status-publish","has-post-thumbnail","hentry"],"acf":[],"mb":[],"mfb_rest_fields":["title","gutenberg_elementor_mode"],"_links":{"self":[{"href":"https:\/\/portal.fgeo.gob.mx\/index.php\/wp-json\/wp\/v2\/noticias\/14897","targetHints":{"allow":["GET"]}}],"collection":[{"href":"https:\/\/portal.fgeo.gob.mx\/index.php\/wp-json\/wp\/v2\/noticias"}],"about":[{"href":"https:\/\/portal.fgeo.gob.mx\/index.php\/wp-json\/wp\/v2\/types\/noticias"}],"author":[{"embeddable":true,"href":"https:\/\/portal.fgeo.gob.mx\/index.php\/wp-json\/wp\/v2\/users\/1"}],"replies":[{"embeddable":true,"href":"https:\/\/portal.fgeo.gob.mx\/index.php\/wp-json\/wp\/v2\/comments?post=14897"}],"wp:featuredmedia":[{"embeddable":true,"href":"https:\/\/portal.fgeo.gob.mx\/index.php\/wp-json\/"}],"wp:attachment":[{"href":"https:\/\/portal.fgeo.gob.mx\/index.php\/wp-json\/wp\/v2\/media?parent=14897"}],"wp:term":[{"taxonomy":"post_tag","embeddable":true,"href":"https:\/\/portal.fgeo.gob.mx\/index.php\/wp-json\/wp\/v2\/tags?post=14897"},{"taxonomy":"categoria_noticias","embeddable":true,"href":"https:\/\/portal.fgeo.gob.mx\/index.php\/wp-json\/wp\/v2\/categoria_noticias?post=14897"}],"curies":[{"name":"wp","href":"https:\/\/api.w.org\/{rel}","templated":true}]}}